{"id":961,"date":"2022-07-22T13:14:50","date_gmt":"2022-07-22T13:14:50","guid":{"rendered":"http:\/\/stmbus.pl\/?p=961"},"modified":"2022-07-22T13:14:50","modified_gmt":"2022-07-22T13:14:50","slug":"transport-miejski-nie-chce-systemow-bezpieczenstwa","status":"publish","type":"post","link":"http:\/\/stmbus.pl\/index.php\/2022\/07\/22\/transport-miejski-nie-chce-systemow-bezpieczenstwa\/","title":{"rendered":"Transport miejski nie chce system\u00f3w bezpiecze\u0144stwa!"},"content":{"rendered":"<p>Przygoda wielu adept\u00f3w zawodowego prawa jazdy kategorii &#8222;D&#8221; rozpoczyna si\u0119 w\u0142a\u015bnie od komunikacji miejskiej. Jak to m\u00f3wi wielu do\u015bwiadczonych szofer\u00f3w:<\/p>\n<p>&#8222;od s\u0142upka do s\u0142upka to ka\u017cdy g\u0142upi potrafi&#8221;<\/p>\n<p>&#8222;id\u017a na miejsk\u0105 i jak si\u0119 nauczysz do wr\u00f3\u0107&#8221;<\/p>\n<p>Rzeczywisto\u015b\u0107 pokazuje, i\u017c nawet u tych &#8222;as\u00f3w z turystyki&#8221; pojawiaj\u0105 si\u0119 drobne b\u0142\u0119dy. A to jaki\u015b kraw\u0119\u017cnik by\u0142 za wysoki lub pacho\u0142ek za blisko lub nie wiedzie\u0107, czemu autobus si\u0119 zarysowa\u0142.<\/p>\n<h2>Autobusy turystyczne &#8211; prekursorzy system\u00f3w<\/h2>\n<p>Mo\u017cna na ten temat wiele dyskutowa\u0107, lecz bezapelacyjnie to w\u0142a\u015bnie autobusy turystyczne w pierwszej kolejno\u015bci wyposa\u017cane s\u0105 w nowo\u015bci techniczne jak: aktywny tempomat z radarem odleg\u0142o\u015bci, asystent pasa ruchu, system awaryjnego hamowania, czujnik martwego pola.\u00a0 Niekt\u00f3re z tych system\u00f3w zosta\u0142y wprowadzone, jako standard dla pojazd\u00f3w we flocie Flixbus tak by autobus m\u00f3g\u0142 obs\u0142ugiwa\u0107 nocne linie.<\/p>\n\n\t\t<style type=\"text\/css\">\n\t\t\t#gallery-1 {\n\t\t\t\tmargin: auto;\n\t\t\t}\n\t\t\t#gallery-1 .gallery-item {\n\t\t\t\tfloat: left;\n\t\t\t\tmargin-top: 10px;\n\t\t\t\ttext-align: center;\n\t\t\t\twidth: 33%;\n\t\t\t}\n\t\t\t#gallery-1 img {\n\t\t\t\tborder: 2px solid #cfcfcf;\n\t\t\t}\n\t\t\t#gallery-1 .gallery-caption {\n\t\t\t\tmargin-left: 0;\n\t\t\t}\n\t\t\t\/* see gallery_shortcode() in wp-includes\/media.php *\/\n\t\t<\/style>\n\t\t<div id='gallery-1' class='gallery galleryid-961 gallery-columns-3 gallery-size-full'><dl class='gallery-item'>\n\t\t\t<dt class='gallery-icon landscape'>\n\t\t\t\t<a href='http:\/\/stmbus.pl\/index.php\/2022\/07\/22\/transport-miejski-nie-chce-systemow-bezpieczenstwa\/pulpit-setra\/'><img loading=\"lazy\" decoding=\"async\" width=\"928\" height=\"408\" src=\"http:\/\/stmbus.pl\/wp-content\/uploads\/2022\/07\/pulpit-setra.jpg\" class=\"attachment-full size-full\" alt=\"\" aria-describedby=\"gallery-1-962\" srcset=\"http:\/\/stmbus.pl\/wp-content\/uploads\/2022\/07\/pulpit-setra.jpg 928w, http:\/\/stmbus.pl\/wp-content\/uploads\/2022\/07\/pulpit-setra-300x132.jpg 300w, http:\/\/stmbus.pl\/wp-content\/uploads\/2022\/07\/pulpit-setra-768x338.jpg 768w, http:\/\/stmbus.pl\/wp-content\/uploads\/2022\/07\/pulpit-setra-360x158.jpg 360w\" sizes=\"(max-width: 928px) 100vw, 928px\" \/><\/a>\n\t\t\t<\/dt>\n\t\t\t\t<dd class='wp-caption-text gallery-caption' id='gallery-1-962'>\n\t\t\t\tPulpit Setry serii 500\n\t\t\t\t<\/dd><\/dl><dl class='gallery-item'>\n\t\t\t<dt class='gallery-icon landscape'>\n\t\t\t\t<a href='http:\/\/stmbus.pl\/index.php\/2022\/07\/22\/transport-miejski-nie-chce-systemow-bezpieczenstwa\/pulpit-vdo\/'><img loading=\"lazy\" decoding=\"async\" width=\"851\" height=\"550\" src=\"http:\/\/stmbus.pl\/wp-content\/uploads\/2022\/07\/pulpit-vdo.jpg\" class=\"attachment-full size-full\" alt=\"\" aria-describedby=\"gallery-1-963\" srcset=\"http:\/\/stmbus.pl\/wp-content\/uploads\/2022\/07\/pulpit-vdo.jpg 851w, http:\/\/stmbus.pl\/wp-content\/uploads\/2022\/07\/pulpit-vdo-300x194.jpg 300w, http:\/\/stmbus.pl\/wp-content\/uploads\/2022\/07\/pulpit-vdo-768x496.jpg 768w, http:\/\/stmbus.pl\/wp-content\/uploads\/2022\/07\/pulpit-vdo-360x233.jpg 360w\" sizes=\"(max-width: 851px) 100vw, 851px\" \/><\/a>\n\t\t\t<\/dt>\n\t\t\t\t<dd class='wp-caption-text gallery-caption' id='gallery-1-963'>\n\t\t\t\tPulpit VDO miejski\n\t\t\t\t<\/dd><\/dl>\n\t\t\t<br style='clear: both' \/>\n\t\t<\/div>\n\n<p>S\u0105 to systemy, kt\u00f3re na 100% poprawiaj\u0105 bezpiecze\u0144stwo w sytuacji, gdy autobus turystyczny ma dopuszczenie do pr\u0119dko\u015bci 100 km\/h.<\/p>\n<p>By m\u00f3c je stosowa\u0107 w praktyce nale\u017cy r\u00f3wnie\u017c zrozumie\u0107 dzia\u0142anie i nauczy\u0107 w praktyce stosowa\u0107.<\/p>\n<h2>Aktywny tempomat<\/h2>\n<p>Dla pojazdu ci\u0119\u017ckiego ma on zaprogramowany bezpieczne odleg\u0142o\u015bci od poprzedzaj\u0105cego pojazdu. Niestety w dalszym ci\u0105gu na Polskich drogach poj\u0119cie odleg\u0142o\u015bci bezpiecznej jest poj\u0119ciem abstrakcyjnym lub polem do jej wykorzystania poprzez jej zaj\u0119cie;<\/p>\n<h2>Asystent pasa ruchu<\/h2>\n<p>Z sygnalizatorem umieszczonym np. w fotelu kierowcy, poprzez wibracje odpowiedniej strony siedziska informuje o przekroczeniu osi jezdni. Tak przydatny system, gdy szeroko\u015b\u0107 pojazdu to 2,55 metra;<\/p>\n<h2>System awaryjnego hamowania<\/h2>\n<p>Chyba najbardziej kontrowersyjny. Wykrywaj\u0105cy przeszkody, zbyt szybkie zbli\u017canie si\u0119 do niej. Mo\u017ce by\u0107 to zar\u00f3wno cz\u0142owiek jak i pojazd lub przeszkoda. Nale\u017cy pami\u0119ta\u0107, i\u017c kierowca jest tylko cz\u0142owiekiem i nie mo\u017cna by\u0107 skupionym non stop lub czasem pewne bod\u017ace w g\u0105szczu mog\u0105 by\u0107 b\u0142\u0119dnie pomini\u0119te. Nikt nie pokusi\u0142 si\u0119 jak dot\u0105d o policzenie oszcz\u0119dno\u015bci ze zdarze\u0144 niedokonanych. W transporcie miejskim s\u0105 to liczne hamowania, nie zachowania odleg\u0142o\u015bci lub zagapienia.<\/p>\n<div id=\"attachment_199\" style=\"width: 310px\" class=\"wp-caption aligncenter\"><img loading=\"lazy\" decoding=\"async\" aria-describedby=\"caption-attachment-199\" class=\"wp-image-199 size-medium\" src=\"http:\/\/stmbus.pl\/wp-content\/uploads\/2020\/03\/35-3-300x201.jpg\" alt=\"\" width=\"300\" height=\"201\" srcset=\"http:\/\/stmbus.pl\/wp-content\/uploads\/2020\/03\/35-3-300x201.jpg 300w, http:\/\/stmbus.pl\/wp-content\/uploads\/2020\/03\/35-3-1024x685.jpg 1024w, http:\/\/stmbus.pl\/wp-content\/uploads\/2020\/03\/35-3-768x514.jpg 768w, http:\/\/stmbus.pl\/wp-content\/uploads\/2020\/03\/35-3-1536x1028.jpg 1536w, http:\/\/stmbus.pl\/wp-content\/uploads\/2020\/03\/35-3-2048x1371.jpg 2048w, http:\/\/stmbus.pl\/wp-content\/uploads\/2020\/03\/35-3-900x602.jpg 900w, http:\/\/stmbus.pl\/wp-content\/uploads\/2020\/03\/35-3-1280x857.jpg 1280w\" sizes=\"(max-width: 300px) 100vw, 300px\" \/><p id=\"caption-attachment-199\" class=\"wp-caption-text\">Radar odleg\u0142o\u015bciowy z systemem awaryjnego hamowania<\/p><\/div>\n<h2>Czujnik martwego pola<\/h2>\n<p>Kto chocia\u017c raz zmienia\u0142 pas na 3 pasmowej drodze ekspresowej autobusem turystycznym wie, co to znaczy brak widoczno\u015bci. R\u00f3wnie\u017c jaskrawym przyk\u0142adem jest skr\u0119t w prawo pod k\u0105tem 90 stopni z poprzecznym przej\u015bciem dla pieszych lub drog\u0105 rowerow\u0105.<\/p>\n<div id=\"attachment_313\" style=\"width: 310px\" class=\"wp-caption alignnone\"><img loading=\"lazy\" decoding=\"async\" aria-describedby=\"caption-attachment-313\" class=\"wp-image-313 size-medium\" src=\"http:\/\/stmbus.pl\/wp-content\/uploads\/2020\/04\/3-300x201.jpg\" alt=\"\" width=\"300\" height=\"201\" srcset=\"http:\/\/stmbus.pl\/wp-content\/uploads\/2020\/04\/3-300x201.jpg 300w, http:\/\/stmbus.pl\/wp-content\/uploads\/2020\/04\/3-1024x685.jpg 1024w, http:\/\/stmbus.pl\/wp-content\/uploads\/2020\/04\/3-768x514.jpg 768w, http:\/\/stmbus.pl\/wp-content\/uploads\/2020\/04\/3-1536x1028.jpg 1536w, http:\/\/stmbus.pl\/wp-content\/uploads\/2020\/04\/3-2048x1371.jpg 2048w, http:\/\/stmbus.pl\/wp-content\/uploads\/2020\/04\/3-360x241.jpg 360w\" sizes=\"(max-width: 300px) 100vw, 300px\" \/><p id=\"caption-attachment-313\" class=\"wp-caption-text\">Czujnik martwego pola<\/p><\/div>\n<div id=\"attachment_314\" style=\"width: 211px\" class=\"wp-caption alignnone\"><img loading=\"lazy\" decoding=\"async\" aria-describedby=\"caption-attachment-314\" class=\"wp-image-314 size-medium\" src=\"http:\/\/stmbus.pl\/wp-content\/uploads\/2020\/04\/33-201x300.jpg\" alt=\"\" width=\"201\" height=\"300\" srcset=\"http:\/\/stmbus.pl\/wp-content\/uploads\/2020\/04\/33-201x300.jpg 201w, http:\/\/stmbus.pl\/wp-content\/uploads\/2020\/04\/33-685x1024.jpg 685w, http:\/\/stmbus.pl\/wp-content\/uploads\/2020\/04\/33-768x1147.jpg 768w, http:\/\/stmbus.pl\/wp-content\/uploads\/2020\/04\/33-1028x1536.jpg 1028w, http:\/\/stmbus.pl\/wp-content\/uploads\/2020\/04\/33-1371x2048.jpg 1371w, http:\/\/stmbus.pl\/wp-content\/uploads\/2020\/04\/33-301x450.jpg 301w, http:\/\/stmbus.pl\/wp-content\/uploads\/2020\/04\/33-scaled.jpg 1714w\" sizes=\"(max-width: 201px) 100vw, 201px\" \/><p id=\"caption-attachment-314\" class=\"wp-caption-text\">Sygnalizacja osoby\/przedmiotu w martwym polu<\/p><\/div>\n<h3>Systemy w praktyce<\/h3>\n<p>Oczywi\u015bcie nie wszystkie systemy s\u0105 niezb\u0119dne w transporcie miejskim, lecz zgodnie z EGK ONZ 108 czujnik martwego pola b\u0119dzie standardem w nowo homologowanych pojazdach.<\/p>\n<p>R\u00f3wnie\u017c testy systemu awaryjnego hamowania w ruchu miejskim pokaza\u0142y ,i\u017c od pierwszej wersji przeszed\u0142 od powa\u017cne i dobre zmiany. Informuje on i reaguje w faktycznych stanach zagro\u017cenia. Wymusza on przez to wcze\u015bniejsz\u0105 reakcj\u0119 kierowcy i unikni\u0119cie skutk\u00f3w zwi\u0105zanych np. z gwa\u0142townym hamowaniem.<\/p>\n<h3>Flota testowa &#8211; przetestuj i powiedz wtedy ,\u017ce nie dzia\u0142a<\/h3>\n<p>Du\u017ce zakupy flot autobusowych s\u0142u\u017c\u0105 do wykonywania praktycznych test\u00f3w system\u00f3w bezpiecze\u0144stwa. Tylko w ten spos\u00f3b mo\u017cna powiedzie\u0107 czy co\u015b si\u0119 sprawdza lub nie oraz w jaki spos\u00f3b wp\u0142yn\u0119\u0142o na popraw\u0119 bezpiecze\u0144stwa. Nale\u017cy pami\u0119ta\u0107 r\u00f3wnie\u017c ,i\u017c bardzo ci\u0119\u017cko oceni\u0107 skutki zdarze\u0144 kt\u00f3rych si\u0119 unikn\u0119\u0142o. Niestety obecnie nie docenia si\u0119 tej warto\u015bci.<\/p>\n","protected":false},"excerpt":{"rendered":"<p>Przygoda wielu adept\u00f3w zawodowego prawa jazdy kategorii &#8222;D&#8221; rozpoczyna si\u0119 w\u0142a\u015bnie od komunikacji miejskiej. Jak to m\u00f3wi wielu do\u015bwiadczonych szofer\u00f3w: &#8222;od s\u0142upka do s\u0142upka to ka\u017cdy g\u0142upi potrafi&#8221; &#8222;id\u017a na miejsk\u0105 i jak si\u0119 nauczysz do wr\u00f3\u0107&#8221; Rzeczywisto\u015b\u0107 pokazuje, i\u017c nawet u tych &#8222;as\u00f3w z turystyki&#8221; pojawiaj\u0105 si\u0119 drobne b\u0142\u0119dy. A to jaki\u015b kraw\u0119\u017cnik by\u0142 [&hellip;]<\/p>\n","protected":false},"author":1,"featured_media":964,"comment_status":"open","ping_status":"open","sticky":false,"template":"","format":"standard","meta":{"footnotes":""},"categories":[2,3],"tags":[308,47,309,173,123,310,307,179],"yoast_head":"<!-- This site is optimized with the Yoast SEO plugin v19.4 - https:\/\/yoast.com\/wordpress\/plugins\/seo\/ -->\n<title>Transport miejski nie chce system\u00f3w bezpiecze\u0144stwa! - STM Safety Technology Management<\/title>\n<meta name=\"description\" content=\"Czemu w autobusach miejskich tak opornie idzie wprowadzanie system\u00f3w bezpiecze\u0144stwa znanych z turystyk\u00f3w?\" \/>\n<meta name=\"robots\" content=\"index, follow, max-snippet:-1, max-image-preview:large, max-video-preview:-1\" \/>\n<link rel=\"canonical\" href=\"http:\/\/stmbus.pl\/index.php\/2022\/07\/22\/transport-miejski-nie-chce-systemow-bezpieczenstwa\/\" \/>\n<meta property=\"og:locale\" content=\"pl_PL\" \/>\n<meta property=\"og:type\" content=\"article\" \/>\n<meta property=\"og:title\" content=\"Transport miejski nie chce system\u00f3w bezpiecze\u0144stwa! - STM Safety Technology Management\" \/>\n<meta property=\"og:description\" content=\"Czemu w autobusach miejskich tak opornie idzie wprowadzanie system\u00f3w bezpiecze\u0144stwa znanych z turystyk\u00f3w?\" \/>\n<meta property=\"og:url\" content=\"http:\/\/stmbus.pl\/index.php\/2022\/07\/22\/transport-miejski-nie-chce-systemow-bezpieczenstwa\/\" \/>\n<meta property=\"og:site_name\" content=\"STM Safety Technology Management\" \/>\n<meta property=\"article:published_time\" content=\"2022-07-22T13:14:50+00:00\" \/>\n<meta property=\"og:image\" content=\"http:\/\/stmbus.pl\/wp-content\/uploads\/2022\/07\/Ankieta-nt.-bezpieczenstwa-grafika.jpg\" \/>\n\t<meta property=\"og:image:width\" content=\"768\" \/>\n\t<meta property=\"og:image:height\" content=\"597\" \/>\n\t<meta property=\"og:image:type\" content=\"image\/jpeg\" \/>\n<meta name=\"author\" content=\"Szymon\" \/>\n<meta name=\"twitter:card\" content=\"summary_large_image\" \/>\n<meta name=\"twitter:label1\" content=\"Napisane przez\" \/>\n\t<meta name=\"twitter:data1\" content=\"Szymon\" \/>\n\t<meta name=\"twitter:label2\" content=\"Szacowany czas czytania\" \/>\n\t<meta name=\"twitter:data2\" content=\"4 minuty\" \/>\n<script type=\"application\/ld+json\" class=\"yoast-schema-graph\">{\"@context\":\"https:\/\/schema.org\",\"@graph\":[{\"@type\":\"WebSite\",\"@id\":\"http:\/\/stmbus.pl\/#website\",\"url\":\"http:\/\/stmbus.pl\/\",\"name\":\"stmbus.pl Safety Technology Management\",\"description\":\"Bezpiecze\u0144stwo, technologia i zarz\u0105dzanie w transporcie.\",\"publisher\":{\"@id\":\"http:\/\/stmbus.pl\/#\/schema\/person\/d062552000a2c91240a7c7acac90f338\"},\"potentialAction\":[{\"@type\":\"SearchAction\",\"target\":{\"@type\":\"EntryPoint\",\"urlTemplate\":\"http:\/\/stmbus.pl\/?s={search_term_string}\"},\"query-input\":\"required name=search_term_string\"}],\"inLanguage\":\"pl-PL\"},{\"@type\":\"WebPage\",\"@id\":\"http:\/\/stmbus.pl\/index.php\/2022\/07\/22\/transport-miejski-nie-chce-systemow-bezpieczenstwa\/\",\"url\":\"http:\/\/stmbus.pl\/index.php\/2022\/07\/22\/transport-miejski-nie-chce-systemow-bezpieczenstwa\/\",\"name\":\"Transport miejski nie chce system\u00f3w bezpiecze\u0144stwa! - STM Safety Technology Management\",\"isPartOf\":{\"@id\":\"http:\/\/stmbus.pl\/#website\"},\"datePublished\":\"2022-07-22T13:14:50+00:00\",\"dateModified\":\"2022-07-22T13:14:50+00:00\",\"description\":\"Czemu w autobusach miejskich tak opornie idzie wprowadzanie system\u00f3w bezpiecze\u0144stwa znanych z turystyk\u00f3w?\",\"breadcrumb\":{\"@id\":\"http:\/\/stmbus.pl\/index.php\/2022\/07\/22\/transport-miejski-nie-chce-systemow-bezpieczenstwa\/#breadcrumb\"},\"inLanguage\":\"pl-PL\",\"potentialAction\":[{\"@type\":\"ReadAction\",\"target\":[\"http:\/\/stmbus.pl\/index.php\/2022\/07\/22\/transport-miejski-nie-chce-systemow-bezpieczenstwa\/\"]}]},{\"@type\":\"BreadcrumbList\",\"@id\":\"http:\/\/stmbus.pl\/index.php\/2022\/07\/22\/transport-miejski-nie-chce-systemow-bezpieczenstwa\/#breadcrumb\",\"itemListElement\":[{\"@type\":\"ListItem\",\"position\":1,\"name\":\"Strona g\u0142\u00f3wna\",\"item\":\"http:\/\/stmbus.pl\/\"},{\"@type\":\"ListItem\",\"position\":2,\"name\":\"Transport miejski nie chce system\u00f3w bezpiecze\u0144stwa!\"}]},{\"@type\":\"Article\",\"@id\":\"http:\/\/stmbus.pl\/index.php\/2022\/07\/22\/transport-miejski-nie-chce-systemow-bezpieczenstwa\/#article\",\"isPartOf\":{\"@id\":\"http:\/\/stmbus.pl\/index.php\/2022\/07\/22\/transport-miejski-nie-chce-systemow-bezpieczenstwa\/\"},\"author\":{\"name\":\"Szymon\",\"@id\":\"http:\/\/stmbus.pl\/#\/schema\/person\/d062552000a2c91240a7c7acac90f338\"},\"headline\":\"Transport miejski nie chce system\u00f3w bezpiecze\u0144stwa!\",\"datePublished\":\"2022-07-22T13:14:50+00:00\",\"dateModified\":\"2022-07-22T13:14:50+00:00\",\"mainEntityOfPage\":{\"@id\":\"http:\/\/stmbus.pl\/index.php\/2022\/07\/22\/transport-miejski-nie-chce-systemow-bezpieczenstwa\/\"},\"wordCount\":613,\"commentCount\":0,\"publisher\":{\"@id\":\"http:\/\/stmbus.pl\/#\/schema\/person\/d062552000a2c91240a7c7acac90f338\"},\"keywords\":[\"aktywny tempomat\",\"autobus\",\"czujnik martwego pola\",\"komunikacja\",\"komunikacja miejska\",\"system awaryjnego hamowania\",\"systemy bezpieczenstwa\",\"transport publiczny\"],\"articleSection\":[\"Bezpiecze\u0144stwo\",\"Technologia\"],\"inLanguage\":\"pl-PL\",\"potentialAction\":[{\"@type\":\"CommentAction\",\"name\":\"Comment\",\"target\":[\"http:\/\/stmbus.pl\/index.php\/2022\/07\/22\/transport-miejski-nie-chce-systemow-bezpieczenstwa\/#respond\"]}]},{\"@type\":[\"Person\",\"Organization\"],\"@id\":\"http:\/\/stmbus.pl\/#\/schema\/person\/d062552000a2c91240a7c7acac90f338\",\"name\":\"Szymon\",\"image\":{\"@type\":\"ImageObject\",\"inLanguage\":\"pl-PL\",\"@id\":\"http:\/\/stmbus.pl\/#\/schema\/person\/image\/\",\"url\":\"http:\/\/1.gravatar.com\/avatar\/a504aff765b125c34a2de6ddaa56746d?s=96&d=mm&r=g\",\"contentUrl\":\"http:\/\/1.gravatar.com\/avatar\/a504aff765b125c34a2de6ddaa56746d?s=96&d=mm&r=g\",\"caption\":\"Szymon\"},\"logo\":{\"@id\":\"http:\/\/stmbus.pl\/#\/schema\/person\/image\/\"}}]}<\/script>\n<!-- \/ Yoast SEO plugin. -->","yoast_head_json":{"title":"Transport miejski nie chce system\u00f3w bezpiecze\u0144stwa! - STM Safety Technology Management","description":"Czemu w autobusach miejskich tak opornie idzie wprowadzanie system\u00f3w bezpiecze\u0144stwa znanych z turystyk\u00f3w?","robots":{"index":"index","follow":"follow","max-snippet":"max-snippet:-1","max-image-preview":"max-image-preview:large","max-video-preview":"max-video-preview:-1"},"canonical":"http:\/\/stmbus.pl\/index.php\/2022\/07\/22\/transport-miejski-nie-chce-systemow-bezpieczenstwa\/","og_locale":"pl_PL","og_type":"article","og_title":"Transport miejski nie chce system\u00f3w bezpiecze\u0144stwa! - STM Safety Technology Management","og_description":"Czemu w autobusach miejskich tak opornie idzie wprowadzanie system\u00f3w bezpiecze\u0144stwa znanych z turystyk\u00f3w?","og_url":"http:\/\/stmbus.pl\/index.php\/2022\/07\/22\/transport-miejski-nie-chce-systemow-bezpieczenstwa\/","og_site_name":"STM Safety Technology Management","article_published_time":"2022-07-22T13:14:50+00:00","og_image":[{"width":768,"height":597,"url":"http:\/\/stmbus.pl\/wp-content\/uploads\/2022\/07\/Ankieta-nt.-bezpieczenstwa-grafika.jpg","type":"image\/jpeg"}],"author":"Szymon","twitter_card":"summary_large_image","twitter_misc":{"Napisane przez":"Szymon","Szacowany czas czytania":"4 minuty"},"schema":{"@context":"https:\/\/schema.org","@graph":[{"@type":"WebSite","@id":"http:\/\/stmbus.pl\/#website","url":"http:\/\/stmbus.pl\/","name":"stmbus.pl Safety Technology Management","description":"Bezpiecze\u0144stwo, technologia i zarz\u0105dzanie w transporcie.","publisher":{"@id":"http:\/\/stmbus.pl\/#\/schema\/person\/d062552000a2c91240a7c7acac90f338"},"potentialAction":[{"@type":"SearchAction","target":{"@type":"EntryPoint","urlTemplate":"http:\/\/stmbus.pl\/?s={search_term_string}"},"query-input":"required name=search_term_string"}],"inLanguage":"pl-PL"},{"@type":"WebPage","@id":"http:\/\/stmbus.pl\/index.php\/2022\/07\/22\/transport-miejski-nie-chce-systemow-bezpieczenstwa\/","url":"http:\/\/stmbus.pl\/index.php\/2022\/07\/22\/transport-miejski-nie-chce-systemow-bezpieczenstwa\/","name":"Transport miejski nie chce system\u00f3w bezpiecze\u0144stwa! - STM Safety Technology Management","isPartOf":{"@id":"http:\/\/stmbus.pl\/#website"},"datePublished":"2022-07-22T13:14:50+00:00","dateModified":"2022-07-22T13:14:50+00:00","description":"Czemu w autobusach miejskich tak opornie idzie wprowadzanie system\u00f3w bezpiecze\u0144stwa znanych z turystyk\u00f3w?","breadcrumb":{"@id":"http:\/\/stmbus.pl\/index.php\/2022\/07\/22\/transport-miejski-nie-chce-systemow-bezpieczenstwa\/#breadcrumb"},"inLanguage":"pl-PL","potentialAction":[{"@type":"ReadAction","target":["http:\/\/stmbus.pl\/index.php\/2022\/07\/22\/transport-miejski-nie-chce-systemow-bezpieczenstwa\/"]}]},{"@type":"BreadcrumbList","@id":"http:\/\/stmbus.pl\/index.php\/2022\/07\/22\/transport-miejski-nie-chce-systemow-bezpieczenstwa\/#breadcrumb","itemListElement":[{"@type":"ListItem","position":1,"name":"Strona g\u0142\u00f3wna","item":"http:\/\/stmbus.pl\/"},{"@type":"ListItem","position":2,"name":"Transport miejski nie chce system\u00f3w bezpiecze\u0144stwa!"}]},{"@type":"Article","@id":"http:\/\/stmbus.pl\/index.php\/2022\/07\/22\/transport-miejski-nie-chce-systemow-bezpieczenstwa\/#article","isPartOf":{"@id":"http:\/\/stmbus.pl\/index.php\/2022\/07\/22\/transport-miejski-nie-chce-systemow-bezpieczenstwa\/"},"author":{"name":"Szymon","@id":"http:\/\/stmbus.pl\/#\/schema\/person\/d062552000a2c91240a7c7acac90f338"},"headline":"Transport miejski nie chce system\u00f3w bezpiecze\u0144stwa!","datePublished":"2022-07-22T13:14:50+00:00","dateModified":"2022-07-22T13:14:50+00:00","mainEntityOfPage":{"@id":"http:\/\/stmbus.pl\/index.php\/2022\/07\/22\/transport-miejski-nie-chce-systemow-bezpieczenstwa\/"},"wordCount":613,"commentCount":0,"publisher":{"@id":"http:\/\/stmbus.pl\/#\/schema\/person\/d062552000a2c91240a7c7acac90f338"},"keywords":["aktywny tempomat","autobus","czujnik martwego pola","komunikacja","komunikacja miejska","system awaryjnego hamowania","systemy bezpieczenstwa","transport publiczny"],"articleSection":["Bezpiecze\u0144stwo","Technologia"],"inLanguage":"pl-PL","potentialAction":[{"@type":"CommentAction","name":"Comment","target":["http:\/\/stmbus.pl\/index.php\/2022\/07\/22\/transport-miejski-nie-chce-systemow-bezpieczenstwa\/#respond"]}]},{"@type":["Person","Organization"],"@id":"http:\/\/stmbus.pl\/#\/schema\/person\/d062552000a2c91240a7c7acac90f338","name":"Szymon","image":{"@type":"ImageObject","inLanguage":"pl-PL","@id":"http:\/\/stmbus.pl\/#\/schema\/person\/image\/","url":"http:\/\/1.gravatar.com\/avatar\/a504aff765b125c34a2de6ddaa56746d?s=96&d=mm&r=g","contentUrl":"http:\/\/1.gravatar.com\/avatar\/a504aff765b125c34a2de6ddaa56746d?s=96&d=mm&r=g","caption":"Szymon"},"logo":{"@id":"http:\/\/stmbus.pl\/#\/schema\/person\/image\/"}}]}},"_links":{"self":[{"href":"http:\/\/stmbus.pl\/index.php\/wp-json\/wp\/v2\/posts\/961"}],"collection":[{"href":"http:\/\/stmbus.pl\/index.php\/wp-json\/wp\/v2\/posts"}],"about":[{"href":"http:\/\/stmbus.pl\/index.php\/wp-json\/wp\/v2\/types\/post"}],"author":[{"embeddable":true,"href":"http:\/\/stmbus.pl\/index.php\/wp-json\/wp\/v2\/users\/1"}],"replies":[{"embeddable":true,"href":"http:\/\/stmbus.pl\/index.php\/wp-json\/wp\/v2\/comments?post=961"}],"version-history":[{"count":1,"href":"http:\/\/stmbus.pl\/index.php\/wp-json\/wp\/v2\/posts\/961\/revisions"}],"predecessor-version":[{"id":965,"href":"http:\/\/stmbus.pl\/index.php\/wp-json\/wp\/v2\/posts\/961\/revisions\/965"}],"wp:featuredmedia":[{"embeddable":true,"href":"http:\/\/stmbus.pl\/index.php\/wp-json\/wp\/v2\/media\/964"}],"wp:attachment":[{"href":"http:\/\/stmbus.pl\/index.php\/wp-json\/wp\/v2\/media?parent=961"}],"wp:term":[{"taxonomy":"category","embeddable":true,"href":"http:\/\/stmbus.pl\/index.php\/wp-json\/wp\/v2\/categories?post=961"},{"taxonomy":"post_tag","embeddable":true,"href":"http:\/\/stmbus.pl\/index.php\/wp-json\/wp\/v2\/tags?post=961"}],"curies":[{"name":"wp","href":"https:\/\/api.w.org\/{rel}","templated":true}]}}