{"id":948,"date":"2022-07-21T12:48:44","date_gmt":"2022-07-21T12:48:44","guid":{"rendered":"http:\/\/stmbus.pl\/?p=948"},"modified":"2022-07-21T12:48:44","modified_gmt":"2022-07-21T12:48:44","slug":"norma-spalin-euro-7-szansa-dla-elektrykow","status":"publish","type":"post","link":"http:\/\/stmbus.pl\/index.php\/2022\/07\/21\/norma-spalin-euro-7-szansa-dla-elektrykow\/","title":{"rendered":"Norma spalin Euro 7 &#8211; szansa dla elektryk\u00f3w?"},"content":{"rendered":"<p>Rok 2025 zgodnie z zapowiedziami powinien przynie\u015b\u0107 nowe regulacje w sprawie restrykcji emisji spalin w pojazdach spalinowych. Dla przypomnienia od 1 stycznia 2021 obowi\u0105zuje wersja &#8222;D&#8221; normy Euro 6. Na rynku dost\u0119pne s\u0105 r\u00f3wnie\u017c ju\u017c konstrukcje silnik\u00f3w spalinowych w wersji &#8222;E&#8221;.<\/p>\n<h3><strong>Euro 7 &#8211; brak wytycznych<\/strong><\/h3>\n<p>Norma Euro 7 jak do tej pory nie zosta\u0142a okre\u015blona, co do limit\u00f3w emisji np. cz\u0105stek sta\u0142ych, tlenk\u00f3w azotu. Jedn\u0105 z kluczowych znanych\u00a0 informacji jest restrykcja, co do spe\u0142nienia za\u0142o\u017conej normy bez zale\u017cno\u015bci od warunk\u00f3w atmosferycznych oraz parametr\u00f3w silnika. W praktyce oznacza to, i\u017c organy regulacyjne chc\u0105 by niezale\u017cnie od np. temperatury, warunk\u00f3w ruchowych, typu eksploatacji pojazd spe\u0142nia\u0142 zawsze za\u0142o\u017con\u0105 norm\u0119 spalin.<\/p>\n<h3><strong>Norma spalin &#8211; praktyka<\/strong><\/h3>\n<p>Obecna praktyka w przypadku normy spalin Euro 6 pokazuje, i\u017c za\u0142o\u017cone parametry s\u0105 mo\u017cliwe do spe\u0142nienia w sporo w\u0119\u017cszym zakresie. Konieczne jest spe\u0142nienie przede wszystkich postulatu temperaturowego, tak by poszczeg\u00f3lne czujniki (monitoruj\u0105ce np. poziom azotu), nast\u0119pnie modu\u0142 DPF\/SCR oraz spaliny osi\u0105gn\u0119\u0142y odpowiedni\u0105 temperatur\u0119 i mog\u0142y prowadzi\u0107 skuteczne oczyszczanie spalin.<\/p>\n\n\t\t<style type=\"text\/css\">\n\t\t\t#gallery-1 {\n\t\t\t\tmargin: auto;\n\t\t\t}\n\t\t\t#gallery-1 .gallery-item {\n\t\t\t\tfloat: left;\n\t\t\t\tmargin-top: 10px;\n\t\t\t\ttext-align: center;\n\t\t\t\twidth: 33%;\n\t\t\t}\n\t\t\t#gallery-1 img {\n\t\t\t\tborder: 2px solid #cfcfcf;\n\t\t\t}\n\t\t\t#gallery-1 .gallery-caption {\n\t\t\t\tmargin-left: 0;\n\t\t\t}\n\t\t\t\/* see gallery_shortcode() in wp-includes\/media.php *\/\n\t\t<\/style>\n\t\t<div id='gallery-1' class='gallery galleryid-948 gallery-columns-3 gallery-size-thumbnail'><dl class='gallery-item'>\n\t\t\t<dt class='gallery-icon portrait'>\n\t\t\t\t<a href='http:\/\/stmbus.pl\/index.php\/2022\/07\/21\/norma-spalin-euro-7-szansa-dla-elektrykow\/dpf-2\/'><img loading=\"lazy\" decoding=\"async\" width=\"150\" height=\"150\" src=\"http:\/\/stmbus.pl\/wp-content\/uploads\/2022\/07\/DPF-2-150x150.jpg\" class=\"attachment-thumbnail size-thumbnail\" alt=\"\" \/><\/a>\n\t\t\t<\/dt><\/dl><dl class='gallery-item'>\n\t\t\t<dt class='gallery-icon portrait'>\n\t\t\t\t<a href='http:\/\/stmbus.pl\/index.php\/2022\/07\/21\/norma-spalin-euro-7-szansa-dla-elektrykow\/dpf-1\/'><img loading=\"lazy\" decoding=\"async\" width=\"150\" height=\"150\" src=\"http:\/\/stmbus.pl\/wp-content\/uploads\/2022\/07\/dpf-1-150x150.jpg\" class=\"attachment-thumbnail size-thumbnail\" alt=\"\" \/><\/a>\n\t\t\t<\/dt><\/dl><dl class='gallery-item'>\n\t\t\t<dt class='gallery-icon portrait'>\n\t\t\t\t<a href='http:\/\/stmbus.pl\/index.php\/2022\/07\/21\/norma-spalin-euro-7-szansa-dla-elektrykow\/dpf-3\/'><img loading=\"lazy\" decoding=\"async\" width=\"150\" height=\"150\" src=\"http:\/\/stmbus.pl\/wp-content\/uploads\/2022\/07\/DPF-3-150x150.jpg\" class=\"attachment-thumbnail size-thumbnail\" alt=\"\" \/><\/a>\n\t\t\t<\/dt><\/dl><br style=\"clear: both\" \/>\n\t\t<\/div>\n\n<p>Na powy\u017cszych zdj\u0119ciach wida\u0107 efekty pracy silnika, w kt\u00f3rych uk\u0142ad wydechowy oraz oczyszczania spalin nie s\u0105 w stanie wykona\u0107 zadania odprowadzenia i neutralizacji sadzy np. poprzez dopalenie w filtrze DPF. W ten spos\u00f3b dochodzi do zwi\u0119kszenia ci\u015bnienia, zmniejszenia ilo\u015bci powietrza, kt\u00f3re dostaje si\u0119 do komory spalania i w konsekwencji kolejn\u0105 produkcje sadzy. Finalnym stanem s\u0105 cz\u0119ste dopalania stacjonarne (podwy\u017cszenie temperatury i ci\u015bnienia\u00a0 w uk\u0142adzie wydechowym poprzez zwi\u0119kszenie dawki paliwa) lub brak mo\u017cliwo\u015bci jej wykonania.<\/p>\n<p>Oczywi\u015bcie na powy\u017cszy stan mog\u0105 mie\u0107 wp\u0142yw tak\u017ce inne czynniki jak: nieszczelno\u015b\u0107 zaworu EGR, jako\u015b\u0107 paliwa, rodzaj stosowanego oleju i jego, jako\u015b\u0107, terminowo\u015b\u0107 obs\u0142ug technicznych czy np. stan uk\u0142adu dolotowego powietrza do silnika (nieszczelno\u015bci) lub wydechowego.<\/p>\n<p>Norma spalin Euro 6 jak wielokrotnie akcentowa\u0142em spowodowa\u0142a istotne i skokowe zwi\u0119kszenie koszt\u00f3w utrzymania pojazd\u00f3w. W kontek\u015bcie normy spalin Euro 7 nale\u017cy zak\u0142ada\u0107, i\u017c zjawisko to ulegnie pog\u0142\u0119bieniu.<\/p>\n<h3><strong>Ograniczenia techniczne\u00a0<\/strong><\/h3>\n<p>Klasyczny silnik diesla posiada znacz\u0105ce ograniczenia, je\u015bli chodzi o mo\u017cliwo\u015bci techniczne, co potwierdza rodzaj zmian w obr\u0119bie samej normy spalin Euro 6 jak np. korekcja ci\u015bnienia wtrysku paliwa, modernizacja uk\u0142adu recyrkulacji, oprogramowanie sterownika silnika.<\/p>\n<h2><strong>Euro 7 &#8211; szansa dla elektryk\u00f3w\u00a0<\/strong><\/h2>\n<p>Wprowadzenie normy spalin Euro 7 mo\u017ce paradoksalnie oznacza\u0107 popularyzacj\u0119 nap\u0119d\u00f3w alternatywnych tj. pojazd\u00f3w bateryjnych i wodorowych. Koszty osi\u0105gni\u0119cia za\u0142o\u017ce\u0144 normy, eksploatacji i utrzymania w sprawno\u015bci mog\u0105 doprowadzi\u0107 do braku op\u0142acalno\u015bci zakupu i wykorzystywania pojazd\u00f3w np. dystrybucji lokalnej czy przewozach miejskich.<\/p>\n<p>Ju\u017c dzi\u015b du\u017ce koncerny motoryzacyjne jak np. Mercedes og\u0142aszaj\u0105 ,i\u017c nie b\u0119d\u0105 modernizowa\u0107 swoich silnik\u00f3w do standardu Euro 7. Dotyczy to np. silnik\u00f3w do \u015brednich pojazd\u00f3w dostawczych i autobus\u00f3w o pojemno\u015bci ok 9 litr\u00f3w. Mercedes b\u0119dzie korzysta\u0142 z silnika Cummins kt\u00f3ry stanie si\u0119 \u015bwiatowym potentatem.<\/p>\n<p>Bez tworzenia teorii spiskowych mo\u017cna ju\u017c dzi\u015b z du\u017c\u0105 doz\u0105 \u015bmia\u0142o\u015bci przypuszcza\u0107 ,i\u017c diesel stanie po stronie elektryczno\u015bci. Dok\u0142adniej oczywi\u015bcie przepisy i regulacje lecz w praktyce jego ograniczenia.<\/p>\n<p>&nbsp;<\/p>\n","protected":false},"excerpt":{"rendered":"<p>Rok 2025 zgodnie z zapowiedziami powinien przynie\u015b\u0107 nowe regulacje w sprawie restrykcji emisji spalin w pojazdach spalinowych. Dla przypomnienia od 1 stycznia 2021 obowi\u0105zuje wersja &#8222;D&#8221; normy Euro 6. Na rynku dost\u0119pne s\u0105 r\u00f3wnie\u017c ju\u017c konstrukcje silnik\u00f3w spalinowych w wersji &#8222;E&#8221;. Euro 7 &#8211; brak wytycznych Norma Euro 7 jak do tej pory nie zosta\u0142a [&hellip;]<\/p>\n","protected":false},"author":1,"featured_media":952,"comment_status":"open","ping_status":"open","sticky":false,"template":"","format":"standard","meta":{"footnotes":""},"categories":[225,3],"tags":[47,184,301,197,298,296,297,206,191,299,62,300],"yoast_head":"<!-- This site is optimized with the Yoast SEO plugin v19.4 - https:\/\/yoast.com\/wordpress\/plugins\/seo\/ -->\n<title>Norma spalin Euro 7 - szansa dla elektryk\u00f3w? - STM Safety Technology Management<\/title>\n<meta name=\"description\" content=\"Norma spalin Euro 7 od 2025. Czy spowoduje brak op\u0142acalno\u015bci zakupu diesla i skierowanie si\u0119 ku elektrykom?\" \/>\n<meta name=\"robots\" content=\"index, follow, max-snippet:-1, max-image-preview:large, max-video-preview:-1\" \/>\n<link rel=\"canonical\" href=\"http:\/\/stmbus.pl\/index.php\/2022\/07\/21\/norma-spalin-euro-7-szansa-dla-elektrykow\/\" \/>\n<meta property=\"og:locale\" content=\"pl_PL\" \/>\n<meta property=\"og:type\" content=\"article\" \/>\n<meta property=\"og:title\" content=\"Norma spalin Euro 7 - szansa dla elektryk\u00f3w? - STM Safety Technology Management\" \/>\n<meta property=\"og:description\" content=\"Norma spalin Euro 7 od 2025. Czy spowoduje brak op\u0142acalno\u015bci zakupu diesla i skierowanie si\u0119 ku elektrykom?\" \/>\n<meta property=\"og:url\" content=\"http:\/\/stmbus.pl\/index.php\/2022\/07\/21\/norma-spalin-euro-7-szansa-dla-elektrykow\/\" \/>\n<meta property=\"og:site_name\" content=\"STM Safety Technology Management\" \/>\n<meta property=\"article:published_time\" content=\"2022-07-21T12:48:44+00:00\" \/>\n<meta property=\"og:image\" content=\"http:\/\/stmbus.pl\/wp-content\/uploads\/2022\/07\/euro-7.jpg\" \/>\n\t<meta property=\"og:image:width\" content=\"300\" \/>\n\t<meta property=\"og:image:height\" content=\"223\" \/>\n\t<meta property=\"og:image:type\" content=\"image\/jpeg\" \/>\n<meta name=\"author\" content=\"Szymon\" \/>\n<meta name=\"twitter:card\" content=\"summary_large_image\" \/>\n<meta name=\"twitter:label1\" content=\"Napisane przez\" \/>\n\t<meta name=\"twitter:data1\" content=\"Szymon\" \/>\n\t<meta name=\"twitter:label2\" content=\"Szacowany czas czytania\" \/>\n\t<meta name=\"twitter:data2\" content=\"3 minuty\" \/>\n<script type=\"application\/ld+json\" class=\"yoast-schema-graph\">{\"@context\":\"https:\/\/schema.org\",\"@graph\":[{\"@type\":\"WebSite\",\"@id\":\"http:\/\/stmbus.pl\/#website\",\"url\":\"http:\/\/stmbus.pl\/\",\"name\":\"stmbus.pl Safety Technology Management\",\"description\":\"Bezpiecze\u0144stwo, technologia i zarz\u0105dzanie w transporcie.\",\"publisher\":{\"@id\":\"http:\/\/stmbus.pl\/#\/schema\/person\/d062552000a2c91240a7c7acac90f338\"},\"potentialAction\":[{\"@type\":\"SearchAction\",\"target\":{\"@type\":\"EntryPoint\",\"urlTemplate\":\"http:\/\/stmbus.pl\/?s={search_term_string}\"},\"query-input\":\"required name=search_term_string\"}],\"inLanguage\":\"pl-PL\"},{\"@type\":\"WebPage\",\"@id\":\"http:\/\/stmbus.pl\/index.php\/2022\/07\/21\/norma-spalin-euro-7-szansa-dla-elektrykow\/\",\"url\":\"http:\/\/stmbus.pl\/index.php\/2022\/07\/21\/norma-spalin-euro-7-szansa-dla-elektrykow\/\",\"name\":\"Norma spalin Euro 7 - szansa dla elektryk\u00f3w? - STM Safety Technology Management\",\"isPartOf\":{\"@id\":\"http:\/\/stmbus.pl\/#website\"},\"datePublished\":\"2022-07-21T12:48:44+00:00\",\"dateModified\":\"2022-07-21T12:48:44+00:00\",\"description\":\"Norma spalin Euro 7 od 2025. Czy spowoduje brak op\u0142acalno\u015bci zakupu diesla i skierowanie si\u0119 ku elektrykom?\",\"breadcrumb\":{\"@id\":\"http:\/\/stmbus.pl\/index.php\/2022\/07\/21\/norma-spalin-euro-7-szansa-dla-elektrykow\/#breadcrumb\"},\"inLanguage\":\"pl-PL\",\"potentialAction\":[{\"@type\":\"ReadAction\",\"target\":[\"http:\/\/stmbus.pl\/index.php\/2022\/07\/21\/norma-spalin-euro-7-szansa-dla-elektrykow\/\"]}]},{\"@type\":\"BreadcrumbList\",\"@id\":\"http:\/\/stmbus.pl\/index.php\/2022\/07\/21\/norma-spalin-euro-7-szansa-dla-elektrykow\/#breadcrumb\",\"itemListElement\":[{\"@type\":\"ListItem\",\"position\":1,\"name\":\"Strona g\u0142\u00f3wna\",\"item\":\"http:\/\/stmbus.pl\/\"},{\"@type\":\"ListItem\",\"position\":2,\"name\":\"Norma spalin Euro 7 &#8211; szansa dla elektryk\u00f3w?\"}]},{\"@type\":\"Article\",\"@id\":\"http:\/\/stmbus.pl\/index.php\/2022\/07\/21\/norma-spalin-euro-7-szansa-dla-elektrykow\/#article\",\"isPartOf\":{\"@id\":\"http:\/\/stmbus.pl\/index.php\/2022\/07\/21\/norma-spalin-euro-7-szansa-dla-elektrykow\/\"},\"author\":{\"name\":\"Szymon\",\"@id\":\"http:\/\/stmbus.pl\/#\/schema\/person\/d062552000a2c91240a7c7acac90f338\"},\"headline\":\"Norma spalin Euro 7 &#8211; szansa dla elektryk\u00f3w?\",\"datePublished\":\"2022-07-21T12:48:44+00:00\",\"dateModified\":\"2022-07-21T12:48:44+00:00\",\"mainEntityOfPage\":{\"@id\":\"http:\/\/stmbus.pl\/index.php\/2022\/07\/21\/norma-spalin-euro-7-szansa-dla-elektrykow\/\"},\"wordCount\":555,\"commentCount\":0,\"publisher\":{\"@id\":\"http:\/\/stmbus.pl\/#\/schema\/person\/d062552000a2c91240a7c7acac90f338\"},\"keywords\":[\"autobus\",\"autobus elektryczny\",\"cz\u0105stki_sta\u0142e\",\"diesel\",\"emisja_spalin\",\"Euro_6\",\"Euro_7\",\"komunikacja_miejska\",\"nox\",\"NOXy\",\"silnik\",\"tlenki_azoru\"],\"articleSection\":[\"Elektromobilno\u015b\u0107\",\"Technologia\"],\"inLanguage\":\"pl-PL\",\"potentialAction\":[{\"@type\":\"CommentAction\",\"name\":\"Comment\",\"target\":[\"http:\/\/stmbus.pl\/index.php\/2022\/07\/21\/norma-spalin-euro-7-szansa-dla-elektrykow\/#respond\"]}]},{\"@type\":[\"Person\",\"Organization\"],\"@id\":\"http:\/\/stmbus.pl\/#\/schema\/person\/d062552000a2c91240a7c7acac90f338\",\"name\":\"Szymon\",\"image\":{\"@type\":\"ImageObject\",\"inLanguage\":\"pl-PL\",\"@id\":\"http:\/\/stmbus.pl\/#\/schema\/person\/image\/\",\"url\":\"http:\/\/1.gravatar.com\/avatar\/a504aff765b125c34a2de6ddaa56746d?s=96&d=mm&r=g\",\"contentUrl\":\"http:\/\/1.gravatar.com\/avatar\/a504aff765b125c34a2de6ddaa56746d?s=96&d=mm&r=g\",\"caption\":\"Szymon\"},\"logo\":{\"@id\":\"http:\/\/stmbus.pl\/#\/schema\/person\/image\/\"}}]}<\/script>\n<!-- \/ Yoast SEO plugin. -->","yoast_head_json":{"title":"Norma spalin Euro 7 - szansa dla elektryk\u00f3w? - STM Safety Technology Management","description":"Norma spalin Euro 7 od 2025. Czy spowoduje brak op\u0142acalno\u015bci zakupu diesla i skierowanie si\u0119 ku elektrykom?","robots":{"index":"index","follow":"follow","max-snippet":"max-snippet:-1","max-image-preview":"max-image-preview:large","max-video-preview":"max-video-preview:-1"},"canonical":"http:\/\/stmbus.pl\/index.php\/2022\/07\/21\/norma-spalin-euro-7-szansa-dla-elektrykow\/","og_locale":"pl_PL","og_type":"article","og_title":"Norma spalin Euro 7 - szansa dla elektryk\u00f3w? - STM Safety Technology Management","og_description":"Norma spalin Euro 7 od 2025. Czy spowoduje brak op\u0142acalno\u015bci zakupu diesla i skierowanie si\u0119 ku elektrykom?","og_url":"http:\/\/stmbus.pl\/index.php\/2022\/07\/21\/norma-spalin-euro-7-szansa-dla-elektrykow\/","og_site_name":"STM Safety Technology Management","article_published_time":"2022-07-21T12:48:44+00:00","og_image":[{"width":300,"height":223,"url":"http:\/\/stmbus.pl\/wp-content\/uploads\/2022\/07\/euro-7.jpg","type":"image\/jpeg"}],"author":"Szymon","twitter_card":"summary_large_image","twitter_misc":{"Napisane przez":"Szymon","Szacowany czas czytania":"3 minuty"},"schema":{"@context":"https:\/\/schema.org","@graph":[{"@type":"WebSite","@id":"http:\/\/stmbus.pl\/#website","url":"http:\/\/stmbus.pl\/","name":"stmbus.pl Safety Technology Management","description":"Bezpiecze\u0144stwo, technologia i zarz\u0105dzanie w transporcie.","publisher":{"@id":"http:\/\/stmbus.pl\/#\/schema\/person\/d062552000a2c91240a7c7acac90f338"},"potentialAction":[{"@type":"SearchAction","target":{"@type":"EntryPoint","urlTemplate":"http:\/\/stmbus.pl\/?s={search_term_string}"},"query-input":"required name=search_term_string"}],"inLanguage":"pl-PL"},{"@type":"WebPage","@id":"http:\/\/stmbus.pl\/index.php\/2022\/07\/21\/norma-spalin-euro-7-szansa-dla-elektrykow\/","url":"http:\/\/stmbus.pl\/index.php\/2022\/07\/21\/norma-spalin-euro-7-szansa-dla-elektrykow\/","name":"Norma spalin Euro 7 - szansa dla elektryk\u00f3w? - STM Safety Technology Management","isPartOf":{"@id":"http:\/\/stmbus.pl\/#website"},"datePublished":"2022-07-21T12:48:44+00:00","dateModified":"2022-07-21T12:48:44+00:00","description":"Norma spalin Euro 7 od 2025. Czy spowoduje brak op\u0142acalno\u015bci zakupu diesla i skierowanie si\u0119 ku elektrykom?","breadcrumb":{"@id":"http:\/\/stmbus.pl\/index.php\/2022\/07\/21\/norma-spalin-euro-7-szansa-dla-elektrykow\/#breadcrumb"},"inLanguage":"pl-PL","potentialAction":[{"@type":"ReadAction","target":["http:\/\/stmbus.pl\/index.php\/2022\/07\/21\/norma-spalin-euro-7-szansa-dla-elektrykow\/"]}]},{"@type":"BreadcrumbList","@id":"http:\/\/stmbus.pl\/index.php\/2022\/07\/21\/norma-spalin-euro-7-szansa-dla-elektrykow\/#breadcrumb","itemListElement":[{"@type":"ListItem","position":1,"name":"Strona g\u0142\u00f3wna","item":"http:\/\/stmbus.pl\/"},{"@type":"ListItem","position":2,"name":"Norma spalin Euro 7 &#8211; szansa dla elektryk\u00f3w?"}]},{"@type":"Article","@id":"http:\/\/stmbus.pl\/index.php\/2022\/07\/21\/norma-spalin-euro-7-szansa-dla-elektrykow\/#article","isPartOf":{"@id":"http:\/\/stmbus.pl\/index.php\/2022\/07\/21\/norma-spalin-euro-7-szansa-dla-elektrykow\/"},"author":{"name":"Szymon","@id":"http:\/\/stmbus.pl\/#\/schema\/person\/d062552000a2c91240a7c7acac90f338"},"headline":"Norma spalin Euro 7 &#8211; szansa dla elektryk\u00f3w?","datePublished":"2022-07-21T12:48:44+00:00","dateModified":"2022-07-21T12:48:44+00:00","mainEntityOfPage":{"@id":"http:\/\/stmbus.pl\/index.php\/2022\/07\/21\/norma-spalin-euro-7-szansa-dla-elektrykow\/"},"wordCount":555,"commentCount":0,"publisher":{"@id":"http:\/\/stmbus.pl\/#\/schema\/person\/d062552000a2c91240a7c7acac90f338"},"keywords":["autobus","autobus elektryczny","cz\u0105stki_sta\u0142e","diesel","emisja_spalin","Euro_6","Euro_7","komunikacja_miejska","nox","NOXy","silnik","tlenki_azoru"],"articleSection":["Elektromobilno\u015b\u0107","Technologia"],"inLanguage":"pl-PL","potentialAction":[{"@type":"CommentAction","name":"Comment","target":["http:\/\/stmbus.pl\/index.php\/2022\/07\/21\/norma-spalin-euro-7-szansa-dla-elektrykow\/#respond"]}]},{"@type":["Person","Organization"],"@id":"http:\/\/stmbus.pl\/#\/schema\/person\/d062552000a2c91240a7c7acac90f338","name":"Szymon","image":{"@type":"ImageObject","inLanguage":"pl-PL","@id":"http:\/\/stmbus.pl\/#\/schema\/person\/image\/","url":"http:\/\/1.gravatar.com\/avatar\/a504aff765b125c34a2de6ddaa56746d?s=96&d=mm&r=g","contentUrl":"http:\/\/1.gravatar.com\/avatar\/a504aff765b125c34a2de6ddaa56746d?s=96&d=mm&r=g","caption":"Szymon"},"logo":{"@id":"http:\/\/stmbus.pl\/#\/schema\/person\/image\/"}}]}},"_links":{"self":[{"href":"http:\/\/stmbus.pl\/index.php\/wp-json\/wp\/v2\/posts\/948"}],"collection":[{"href":"http:\/\/stmbus.pl\/index.php\/wp-json\/wp\/v2\/posts"}],"about":[{"href":"http:\/\/stmbus.pl\/index.php\/wp-json\/wp\/v2\/types\/post"}],"author":[{"embeddable":true,"href":"http:\/\/stmbus.pl\/index.php\/wp-json\/wp\/v2\/users\/1"}],"replies":[{"embeddable":true,"href":"http:\/\/stmbus.pl\/index.php\/wp-json\/wp\/v2\/comments?post=948"}],"version-history":[{"count":1,"href":"http:\/\/stmbus.pl\/index.php\/wp-json\/wp\/v2\/posts\/948\/revisions"}],"predecessor-version":[{"id":953,"href":"http:\/\/stmbus.pl\/index.php\/wp-json\/wp\/v2\/posts\/948\/revisions\/953"}],"wp:featuredmedia":[{"embeddable":true,"href":"http:\/\/stmbus.pl\/index.php\/wp-json\/wp\/v2\/media\/952"}],"wp:attachment":[{"href":"http:\/\/stmbus.pl\/index.php\/wp-json\/wp\/v2\/media?parent=948"}],"wp:term":[{"taxonomy":"category","embeddable":true,"href":"http:\/\/stmbus.pl\/index.php\/wp-json\/wp\/v2\/categories?post=948"},{"taxonomy":"post_tag","embeddable":true,"href":"http:\/\/stmbus.pl\/index.php\/wp-json\/wp\/v2\/tags?post=948"}],"curies":[{"name":"wp","href":"https:\/\/api.w.org\/{rel}","templated":true}]}}