{"id":905,"date":"2022-07-21T18:00:12","date_gmt":"2022-07-21T18:00:12","guid":{"rendered":"http:\/\/stmbus.pl\/?p=905"},"modified":"2022-07-21T18:20:30","modified_gmt":"2022-07-21T18:20:30","slug":"__trashed","status":"publish","type":"post","link":"http:\/\/stmbus.pl\/index.php\/2022\/07\/21\/__trashed\/","title":{"rendered":"Zakup pojazd\u00f3w w ramach przetargu &#8211; czy ju\u017c tylko elektryki?"},"content":{"rendered":"<p>Ostatnia szansa na zakup pojazd\u00f3w z nap\u0119dem konwencjonalnym (diesla) do miejskiego transportu zbiorowego w ramach post\u0119powania przetargowego prawdopodobnie min\u0119\u0142a bezpowrotnie. Czy na pewno?<\/p>\n<h2>Nowelizacja ustawy o pojazdach nisko i zeroemisyjnych<\/h2>\n<p>Nowelizacja ustawy m\u00f3wi\u0105cej o pojazdach nisko i zeroemisyjnych i ich procentowym udziale w czasie jasno okre\u015bla:<\/p>\n<ul>\n<li>32% udzia\u0142 pojazd\u00f3w ekologicznych w ka\u017cdym przetargu &#8211; autobus gazowy (CNG,LNG), elektryczny, wodorowy;<\/li>\n<li>16% udzia\u0142 pojazd\u00f3w zeroemisyjnych z puli 32% pojazd\u00f3w elektrycznych &#8211; autobus elektryczny i wodorowy.<\/li>\n<\/ul>\n<p>Jak to przysta\u0142o na Polskie prawodawstwo niestety istniej\u0105 r\u00f3\u017cne interpretacje ustawy.<\/p>\n<ol>\n<li>Pierwsza z nich zak\u0142ada ,i\u017c przyj\u0119ty procent pojazd\u00f3w nisko i zeroemisyjnych dotyczy wszystkich post\u0119powa\u0144 przetargowych. Zar\u00f3wno tych na zakup pojazd\u00f3w jak i tych na us\u0142ugi transportu zbiorowego.<\/li>\n<li>Druga z interpretacji zak\u0142ada ,i\u017c przyj\u0119ty procent pojazd\u00f3w nisko i zeroemisyjnych nale\u017cy rozpatrywa\u0107 w kontek\u015bcie ca\u0142o\u015bci miasta, gminy lub innej jednostki samorz\u0105du terytorialnego. W tym przypadku mo\u017cliwe scenariusze to:<\/li>\n<\/ol>\n<ul>\n<li>w danym mie\u015bcie funkcjonuje wi\u0119cej ni\u017c jeden przewo\u017anik lub operator kt\u00f3ry mo\u017ce spe\u0142nia\u0107 wymagania ekologiczne dla ca\u0142o\u015bci, przez co specyfikacja post\u0119powania mo\u017ce zak\u0142ada\u0107 pomini\u0119cie wymagania ekologicznego;<\/li>\n<li>wymagania ekologiczne mo\u017cna podzieli\u0107 mi\u0119dzy poszczeg\u00f3lne podmioty w kontek\u015bcie ilo\u015bci jednostek pojazd\u00f3w. W ten spos\u00f3b dopuszczaj\u0105c np. prywatnych operator\u00f3w mo\u017cna zleci\u0107 wykonywanie zada\u0144 przy minimalizacji ryzyka np. pojazdami gazowymi.<\/li>\n<\/ul>\n<h3>Oferta pojazd\u00f3w zeroemisyjnych<\/h3>\n<p>Oferta zeroemisyjnych pojazd\u00f3w do transportu zbiorowego jest bardzo bogata i ci\u0105gle rozszerzana oraz rozwijana. Z wyj\u0105tkiem pojazd\u00f3w przeznaczonych do ma\u0142ych potok\u00f3w pasa\u017cerskich np. od 15 do 20 miejsc siedz\u0105cych. Nie wszystkie gminy potrzebuj\u0105 autobusu 8-9-10 metrowego, nie m\u00f3wi\u0105c o klasycznym 12 metrowym autobusie MAXI. Nale\u017cy pami\u0119ta\u0107, i\u017c poza miastami autobusy komunikacji docieraj\u0105 do osiedli, wiosek, przysi\u00f3\u0142k\u00f3w bez dostatecznej infrastruktury: stan nawierzchni i jej szeroko\u015b\u0107, miejsce do zawr\u00f3cenia. Nawet pojazdy MIDI okazuj\u0105 si\u0119 za du\u017ce niepraktyczne.<\/p>\n<h2>Pojazdy elektryczne dla gmin<\/h2>\n\n\t\t<style type=\"text\/css\">\n\t\t\t#gallery-1 {\n\t\t\t\tmargin: auto;\n\t\t\t}\n\t\t\t#gallery-1 .gallery-item {\n\t\t\t\tfloat: left;\n\t\t\t\tmargin-top: 10px;\n\t\t\t\ttext-align: center;\n\t\t\t\twidth: 33%;\n\t\t\t}\n\t\t\t#gallery-1 img {\n\t\t\t\tborder: 2px solid #cfcfcf;\n\t\t\t}\n\t\t\t#gallery-1 .gallery-caption {\n\t\t\t\tmargin-left: 0;\n\t\t\t}\n\t\t\t\/* see gallery_shortcode() in wp-includes\/media.php *\/\n\t\t<\/style>\n\t\t<div id='gallery-1' class='gallery galleryid-905 gallery-columns-3 gallery-size-thumbnail'><dl class='gallery-item'>\n\t\t\t<dt class='gallery-icon landscape'>\n\t\t\t\t<a href='http:\/\/stmbus.pl\/index.php\/2022\/07\/21\/__trashed\/mercedes-sprinter-city\/'><img loading=\"lazy\" decoding=\"async\" width=\"150\" height=\"150\" src=\"http:\/\/stmbus.pl\/wp-content\/uploads\/2022\/07\/mercedes-sprinter-city-150x150.jpg\" class=\"attachment-thumbnail size-thumbnail\" alt=\"\" aria-describedby=\"gallery-1-958\" \/><\/a>\n\t\t\t<\/dt>\n\t\t\t\t<dd class='wp-caption-text gallery-caption' id='gallery-1-958'>\n\t\t\t\tMercedes Sprinter City\n\t\t\t\t<\/dd><\/dl><dl class='gallery-item'>\n\t\t\t<dt class='gallery-icon landscape'>\n\t\t\t\t<a href='http:\/\/stmbus.pl\/index.php\/2022\/07\/21\/__trashed\/mercedes-sprinter-city-wnetrze\/'><img loading=\"lazy\" decoding=\"async\" width=\"150\" height=\"150\" src=\"http:\/\/stmbus.pl\/wp-content\/uploads\/2022\/07\/mercedes-sprinter-city-wnetrze-150x150.jpg\" class=\"attachment-thumbnail size-thumbnail\" alt=\"\" aria-describedby=\"gallery-1-957\" \/><\/a>\n\t\t\t<\/dt>\n\t\t\t\t<dd class='wp-caption-text gallery-caption' id='gallery-1-957'>\n\t\t\t\tMercedes Sprinter City &#8211; wn\u0119trze\n\t\t\t\t<\/dd><\/dl><dl class='gallery-item'>\n\t\t\t<dt class='gallery-icon landscape'>\n\t\t\t\t<a href='http:\/\/stmbus.pl\/index.php\/2022\/07\/21\/__trashed\/sprinter-city-line\/'><img loading=\"lazy\" decoding=\"async\" width=\"150\" height=\"150\" src=\"http:\/\/stmbus.pl\/wp-content\/uploads\/2022\/07\/sprinter-city-line-150x150.jpg\" class=\"attachment-thumbnail size-thumbnail\" alt=\"\" aria-describedby=\"gallery-1-959\" \/><\/a>\n\t\t\t<\/dt>\n\t\t\t\t<dd class='wp-caption-text gallery-caption' id='gallery-1-959'>\n\t\t\t\tMercedes Sprinter City\n\t\t\t\t<\/dd><\/dl><br style=\"clear: both\" \/>\n\t\t<\/div>\n\n<p>Autobus do przewozu pasa\u017cer\u00f3w na 15 miejscach siedz\u0105cych i z oko\u0142o 20 miejscami siedz\u0105cymi i cz\u0119\u015bci\u0105 o obni\u017conej pod\u0142odze to obecnie koszt oko\u0142o 600 tys. z\u0142. (na podwoziu Mercedesa Sprintera lub MANa TGE). Dla por\u00f3wnania w granicach tego bud\u017cetu z pojazd\u00f3w elektrycznych otrzymujemy elektrycznego MANa TGE o zasi\u0119gu 70 km. i 10 miejscach siedz\u0105cych. Jest to pojazd ca\u0142kowicie nieu\u017cyteczny dla komunikacji miejskiej\/podmiejskiej.<\/p>\n<div id=\"attachment_956\" style=\"width: 310px\" class=\"wp-caption aligncenter\"><img loading=\"lazy\" decoding=\"async\" aria-describedby=\"caption-attachment-956\" class=\"wp-image-956 size-medium\" src=\"http:\/\/stmbus.pl\/wp-content\/uploads\/2022\/07\/man-tge-electric-300x220.jpg\" alt=\"\" width=\"300\" height=\"220\" srcset=\"http:\/\/stmbus.pl\/wp-content\/uploads\/2022\/07\/man-tge-electric-300x220.jpg 300w, http:\/\/stmbus.pl\/wp-content\/uploads\/2022\/07\/man-tge-electric-360x264.jpg 360w, http:\/\/stmbus.pl\/wp-content\/uploads\/2022\/07\/man-tge-electric.jpg 640w\" sizes=\"(max-width: 300px) 100vw, 300px\" \/><p id=\"caption-attachment-956\" class=\"wp-caption-text\">MAN TGE Electric<\/p><\/div>\n<p>Kolejn\u0105 propozycj\u0105 jest konstrukcja Autometu na bazie Mercedesa Sprintera. Tutaj w zale\u017cno\u015bci od pojemno\u015bci baterii cena waha si\u0119 od miliona do prawie dw\u00f3ch polskich z\u0142otych. Oczywi\u015bcie zasi\u0119g 150-170 km. mo\u017ce by\u0107 w pewnych warunkach akceptowalny, lecz gdy w spos\u00f3b profesjonalny podejdziemy do gwarancji na kluczowy element pojazdu tj. baterie zaczyna si\u0119 robi\u0107 wybitnie ciekawie. Cena mikrobusa bardzo niebezpiecznie zbli\u017ca si\u0119 do granicy 2 mln. z\u0142. \u0141atwo licz\u0105c jest to od 3-4 pojazd\u00f3w z tradycyjnym nap\u0119dem.<\/p>\n<h2>Plan modernizacji floty<\/h2>\n<p>Dobrze utrzymane lecz pe\u0142noletnie autobusy oczywi\u015bcie nadal spe\u0142niaj\u0105 swoj\u0105 funkcj\u0119 przewozow\u0105 w gminnych lub ma\u0142omiasteczkowych przewozach.<\/p>\n<p>Rzeczywisto\u015b\u0107 ju\u017c obecnie weryfikuje bole\u015bnie zapisy nowelizowanej ustawy. Je\u015bli dotychczasowo nie by\u0142o wystarczaj\u0105cych funduszy na gruntown\u0105 modernizacje floty to czy nast\u0105pi gruntowna zmiana na pojazdy elektryczne? Odpowied\u017a dla os\u00f3b kt\u00f3re pozna\u0142y rzeczywisto\u015b\u0107 Polski powiatowej jest oczywista. Oczywi\u015bcie ,\u017ce nie!<\/p>\n","protected":false},"excerpt":{"rendered":"<p>Ostatnia szansa na zakup pojazd\u00f3w z nap\u0119dem konwencjonalnym (diesla) do miejskiego transportu zbiorowego w ramach post\u0119powania przetargowego prawdopodobnie min\u0119\u0142a bezpowrotnie. Czy na pewno? Nowelizacja ustawy o pojazdach nisko i zeroemisyjnych Nowelizacja ustawy m\u00f3wi\u0105cej o pojazdach nisko i zeroemisyjnych i ich procentowym udziale w czasie jasno okre\u015bla: 32% udzia\u0142 pojazd\u00f3w ekologicznych w ka\u017cdym przetargu &#8211; autobus [&hellip;]<\/p>\n","protected":false},"author":1,"featured_media":682,"comment_status":"open","ping_status":"open","sticky":false,"template":"","format":"standard","meta":{"footnotes":""},"categories":[225,3,1],"tags":[47,306,184,217,305,173,302,123,304,303,124],"yoast_head":"<!-- This site is optimized with the Yoast SEO plugin v19.4 - https:\/\/yoast.com\/wordpress\/plugins\/seo\/ -->\n<title>Zakup pojazd\u00f3w w ramach przetargu - czy ju\u017c tylko elektryki? - STM Safety Technology Management<\/title>\n<meta name=\"description\" content=\"Czy mo\u017cliwy jest zakup pojazd\u00f3w diesla w zwi\u0105zku z nowymi wymaganiami ustawy o pojazdach ekologicznych?\" \/>\n<meta name=\"robots\" content=\"index, follow, max-snippet:-1, max-image-preview:large, max-video-preview:-1\" \/>\n<link rel=\"canonical\" href=\"http:\/\/stmbus.pl\/index.php\/2022\/07\/21\/__trashed\/\" \/>\n<meta property=\"og:locale\" content=\"pl_PL\" \/>\n<meta property=\"og:type\" content=\"article\" \/>\n<meta property=\"og:title\" content=\"Zakup pojazd\u00f3w w ramach przetargu - czy ju\u017c tylko elektryki? - STM Safety Technology Management\" \/>\n<meta property=\"og:description\" content=\"Czy mo\u017cliwy jest zakup pojazd\u00f3w diesla w zwi\u0105zku z nowymi wymaganiami ustawy o pojazdach ekologicznych?\" \/>\n<meta property=\"og:url\" content=\"http:\/\/stmbus.pl\/index.php\/2022\/07\/21\/__trashed\/\" \/>\n<meta property=\"og:site_name\" content=\"STM Safety Technology Management\" \/>\n<meta property=\"article:published_time\" content=\"2022-07-21T18:00:12+00:00\" \/>\n<meta property=\"article:modified_time\" content=\"2022-07-21T18:20:30+00:00\" \/>\n<meta property=\"og:image\" content=\"http:\/\/stmbus.pl\/wp-content\/uploads\/2021\/02\/daniel-moqvist-WZw6zs0kKzo-unsplash-scaled.jpg\" \/>\n\t<meta property=\"og:image:width\" content=\"2560\" \/>\n\t<meta property=\"og:image:height\" content=\"1707\" \/>\n\t<meta property=\"og:image:type\" content=\"image\/jpeg\" \/>\n<meta name=\"author\" content=\"Szymon\" \/>\n<meta name=\"twitter:card\" content=\"summary_large_image\" \/>\n<meta name=\"twitter:label1\" content=\"Napisane przez\" \/>\n\t<meta name=\"twitter:data1\" content=\"Szymon\" \/>\n\t<meta name=\"twitter:label2\" content=\"Szacowany czas czytania\" \/>\n\t<meta name=\"twitter:data2\" content=\"4 minuty\" \/>\n<script type=\"application\/ld+json\" class=\"yoast-schema-graph\">{\"@context\":\"https:\/\/schema.org\",\"@graph\":[{\"@type\":\"WebSite\",\"@id\":\"http:\/\/stmbus.pl\/#website\",\"url\":\"http:\/\/stmbus.pl\/\",\"name\":\"stmbus.pl Safety Technology Management\",\"description\":\"Bezpiecze\u0144stwo, technologia i zarz\u0105dzanie w transporcie.\",\"publisher\":{\"@id\":\"http:\/\/stmbus.pl\/#\/schema\/person\/d062552000a2c91240a7c7acac90f338\"},\"potentialAction\":[{\"@type\":\"SearchAction\",\"target\":{\"@type\":\"EntryPoint\",\"urlTemplate\":\"http:\/\/stmbus.pl\/?s={search_term_string}\"},\"query-input\":\"required name=search_term_string\"}],\"inLanguage\":\"pl-PL\"},{\"@type\":\"WebPage\",\"@id\":\"http:\/\/stmbus.pl\/index.php\/2022\/07\/21\/__trashed\/\",\"url\":\"http:\/\/stmbus.pl\/index.php\/2022\/07\/21\/__trashed\/\",\"name\":\"Zakup pojazd\u00f3w w ramach przetargu - czy ju\u017c tylko elektryki? - STM Safety Technology Management\",\"isPartOf\":{\"@id\":\"http:\/\/stmbus.pl\/#website\"},\"datePublished\":\"2022-07-21T18:00:12+00:00\",\"dateModified\":\"2022-07-21T18:20:30+00:00\",\"description\":\"Czy mo\u017cliwy jest zakup pojazd\u00f3w diesla w zwi\u0105zku z nowymi wymaganiami ustawy o pojazdach ekologicznych?\",\"breadcrumb\":{\"@id\":\"http:\/\/stmbus.pl\/index.php\/2022\/07\/21\/__trashed\/#breadcrumb\"},\"inLanguage\":\"pl-PL\",\"potentialAction\":[{\"@type\":\"ReadAction\",\"target\":[\"http:\/\/stmbus.pl\/index.php\/2022\/07\/21\/__trashed\/\"]}]},{\"@type\":\"BreadcrumbList\",\"@id\":\"http:\/\/stmbus.pl\/index.php\/2022\/07\/21\/__trashed\/#breadcrumb\",\"itemListElement\":[{\"@type\":\"ListItem\",\"position\":1,\"name\":\"Strona g\u0142\u00f3wna\",\"item\":\"http:\/\/stmbus.pl\/\"},{\"@type\":\"ListItem\",\"position\":2,\"name\":\"Zakup pojazd\u00f3w w ramach przetargu &#8211; czy ju\u017c tylko elektryki?\"}]},{\"@type\":\"Article\",\"@id\":\"http:\/\/stmbus.pl\/index.php\/2022\/07\/21\/__trashed\/#article\",\"isPartOf\":{\"@id\":\"http:\/\/stmbus.pl\/index.php\/2022\/07\/21\/__trashed\/\"},\"author\":{\"name\":\"Szymon\",\"@id\":\"http:\/\/stmbus.pl\/#\/schema\/person\/d062552000a2c91240a7c7acac90f338\"},\"headline\":\"Zakup pojazd\u00f3w w ramach przetargu &#8211; czy ju\u017c tylko elektryki?\",\"datePublished\":\"2022-07-21T18:00:12+00:00\",\"dateModified\":\"2022-07-21T18:20:30+00:00\",\"mainEntityOfPage\":{\"@id\":\"http:\/\/stmbus.pl\/index.php\/2022\/07\/21\/__trashed\/\"},\"wordCount\":596,\"commentCount\":0,\"publisher\":{\"@id\":\"http:\/\/stmbus.pl\/#\/schema\/person\/d062552000a2c91240a7c7acac90f338\"},\"keywords\":[\"autobus\",\"autobus ekologiczny\",\"autobus elektryczny\",\"elektromobilno\u015b\u0107\",\"gmina\",\"komunikacja\",\"komunikacja gminna\",\"komunikacja miejska\",\"MAXI\",\"MIDI\",\"przetarg\"],\"articleSection\":[\"Elektromobilno\u015b\u0107\",\"Technologia\",\"Uncategorized\"],\"inLanguage\":\"pl-PL\",\"potentialAction\":[{\"@type\":\"CommentAction\",\"name\":\"Comment\",\"target\":[\"http:\/\/stmbus.pl\/index.php\/2022\/07\/21\/__trashed\/#respond\"]}]},{\"@type\":[\"Person\",\"Organization\"],\"@id\":\"http:\/\/stmbus.pl\/#\/schema\/person\/d062552000a2c91240a7c7acac90f338\",\"name\":\"Szymon\",\"image\":{\"@type\":\"ImageObject\",\"inLanguage\":\"pl-PL\",\"@id\":\"http:\/\/stmbus.pl\/#\/schema\/person\/image\/\",\"url\":\"http:\/\/1.gravatar.com\/avatar\/a504aff765b125c34a2de6ddaa56746d?s=96&d=mm&r=g\",\"contentUrl\":\"http:\/\/1.gravatar.com\/avatar\/a504aff765b125c34a2de6ddaa56746d?s=96&d=mm&r=g\",\"caption\":\"Szymon\"},\"logo\":{\"@id\":\"http:\/\/stmbus.pl\/#\/schema\/person\/image\/\"}}]}<\/script>\n<!-- \/ Yoast SEO plugin. -->","yoast_head_json":{"title":"Zakup pojazd\u00f3w w ramach przetargu - czy ju\u017c tylko elektryki? - STM Safety Technology Management","description":"Czy mo\u017cliwy jest zakup pojazd\u00f3w diesla w zwi\u0105zku z nowymi wymaganiami ustawy o pojazdach ekologicznych?","robots":{"index":"index","follow":"follow","max-snippet":"max-snippet:-1","max-image-preview":"max-image-preview:large","max-video-preview":"max-video-preview:-1"},"canonical":"http:\/\/stmbus.pl\/index.php\/2022\/07\/21\/__trashed\/","og_locale":"pl_PL","og_type":"article","og_title":"Zakup pojazd\u00f3w w ramach przetargu - czy ju\u017c tylko elektryki? - STM Safety Technology Management","og_description":"Czy mo\u017cliwy jest zakup pojazd\u00f3w diesla w zwi\u0105zku z nowymi wymaganiami ustawy o pojazdach ekologicznych?","og_url":"http:\/\/stmbus.pl\/index.php\/2022\/07\/21\/__trashed\/","og_site_name":"STM Safety Technology Management","article_published_time":"2022-07-21T18:00:12+00:00","article_modified_time":"2022-07-21T18:20:30+00:00","og_image":[{"width":2560,"height":1707,"url":"http:\/\/stmbus.pl\/wp-content\/uploads\/2021\/02\/daniel-moqvist-WZw6zs0kKzo-unsplash-scaled.jpg","type":"image\/jpeg"}],"author":"Szymon","twitter_card":"summary_large_image","twitter_misc":{"Napisane przez":"Szymon","Szacowany czas czytania":"4 minuty"},"schema":{"@context":"https:\/\/schema.org","@graph":[{"@type":"WebSite","@id":"http:\/\/stmbus.pl\/#website","url":"http:\/\/stmbus.pl\/","name":"stmbus.pl Safety Technology Management","description":"Bezpiecze\u0144stwo, technologia i zarz\u0105dzanie w transporcie.","publisher":{"@id":"http:\/\/stmbus.pl\/#\/schema\/person\/d062552000a2c91240a7c7acac90f338"},"potentialAction":[{"@type":"SearchAction","target":{"@type":"EntryPoint","urlTemplate":"http:\/\/stmbus.pl\/?s={search_term_string}"},"query-input":"required name=search_term_string"}],"inLanguage":"pl-PL"},{"@type":"WebPage","@id":"http:\/\/stmbus.pl\/index.php\/2022\/07\/21\/__trashed\/","url":"http:\/\/stmbus.pl\/index.php\/2022\/07\/21\/__trashed\/","name":"Zakup pojazd\u00f3w w ramach przetargu - czy ju\u017c tylko elektryki? - STM Safety Technology Management","isPartOf":{"@id":"http:\/\/stmbus.pl\/#website"},"datePublished":"2022-07-21T18:00:12+00:00","dateModified":"2022-07-21T18:20:30+00:00","description":"Czy mo\u017cliwy jest zakup pojazd\u00f3w diesla w zwi\u0105zku z nowymi wymaganiami ustawy o pojazdach ekologicznych?","breadcrumb":{"@id":"http:\/\/stmbus.pl\/index.php\/2022\/07\/21\/__trashed\/#breadcrumb"},"inLanguage":"pl-PL","potentialAction":[{"@type":"ReadAction","target":["http:\/\/stmbus.pl\/index.php\/2022\/07\/21\/__trashed\/"]}]},{"@type":"BreadcrumbList","@id":"http:\/\/stmbus.pl\/index.php\/2022\/07\/21\/__trashed\/#breadcrumb","itemListElement":[{"@type":"ListItem","position":1,"name":"Strona g\u0142\u00f3wna","item":"http:\/\/stmbus.pl\/"},{"@type":"ListItem","position":2,"name":"Zakup pojazd\u00f3w w ramach przetargu &#8211; czy ju\u017c tylko elektryki?"}]},{"@type":"Article","@id":"http:\/\/stmbus.pl\/index.php\/2022\/07\/21\/__trashed\/#article","isPartOf":{"@id":"http:\/\/stmbus.pl\/index.php\/2022\/07\/21\/__trashed\/"},"author":{"name":"Szymon","@id":"http:\/\/stmbus.pl\/#\/schema\/person\/d062552000a2c91240a7c7acac90f338"},"headline":"Zakup pojazd\u00f3w w ramach przetargu &#8211; czy ju\u017c tylko elektryki?","datePublished":"2022-07-21T18:00:12+00:00","dateModified":"2022-07-21T18:20:30+00:00","mainEntityOfPage":{"@id":"http:\/\/stmbus.pl\/index.php\/2022\/07\/21\/__trashed\/"},"wordCount":596,"commentCount":0,"publisher":{"@id":"http:\/\/stmbus.pl\/#\/schema\/person\/d062552000a2c91240a7c7acac90f338"},"keywords":["autobus","autobus ekologiczny","autobus elektryczny","elektromobilno\u015b\u0107","gmina","komunikacja","komunikacja gminna","komunikacja miejska","MAXI","MIDI","przetarg"],"articleSection":["Elektromobilno\u015b\u0107","Technologia","Uncategorized"],"inLanguage":"pl-PL","potentialAction":[{"@type":"CommentAction","name":"Comment","target":["http:\/\/stmbus.pl\/index.php\/2022\/07\/21\/__trashed\/#respond"]}]},{"@type":["Person","Organization"],"@id":"http:\/\/stmbus.pl\/#\/schema\/person\/d062552000a2c91240a7c7acac90f338","name":"Szymon","image":{"@type":"ImageObject","inLanguage":"pl-PL","@id":"http:\/\/stmbus.pl\/#\/schema\/person\/image\/","url":"http:\/\/1.gravatar.com\/avatar\/a504aff765b125c34a2de6ddaa56746d?s=96&d=mm&r=g","contentUrl":"http:\/\/1.gravatar.com\/avatar\/a504aff765b125c34a2de6ddaa56746d?s=96&d=mm&r=g","caption":"Szymon"},"logo":{"@id":"http:\/\/stmbus.pl\/#\/schema\/person\/image\/"}}]}},"_links":{"self":[{"href":"http:\/\/stmbus.pl\/index.php\/wp-json\/wp\/v2\/posts\/905"}],"collection":[{"href":"http:\/\/stmbus.pl\/index.php\/wp-json\/wp\/v2\/posts"}],"about":[{"href":"http:\/\/stmbus.pl\/index.php\/wp-json\/wp\/v2\/types\/post"}],"author":[{"embeddable":true,"href":"http:\/\/stmbus.pl\/index.php\/wp-json\/wp\/v2\/users\/1"}],"replies":[{"embeddable":true,"href":"http:\/\/stmbus.pl\/index.php\/wp-json\/wp\/v2\/comments?post=905"}],"version-history":[{"count":4,"href":"http:\/\/stmbus.pl\/index.php\/wp-json\/wp\/v2\/posts\/905\/revisions"}],"predecessor-version":[{"id":960,"href":"http:\/\/stmbus.pl\/index.php\/wp-json\/wp\/v2\/posts\/905\/revisions\/960"}],"wp:featuredmedia":[{"embeddable":true,"href":"http:\/\/stmbus.pl\/index.php\/wp-json\/wp\/v2\/media\/682"}],"wp:attachment":[{"href":"http:\/\/stmbus.pl\/index.php\/wp-json\/wp\/v2\/media?parent=905"}],"wp:term":[{"taxonomy":"category","embeddable":true,"href":"http:\/\/stmbus.pl\/index.php\/wp-json\/wp\/v2\/categories?post=905"},{"taxonomy":"post_tag","embeddable":true,"href":"http:\/\/stmbus.pl\/index.php\/wp-json\/wp\/v2\/tags?post=905"}],"curies":[{"name":"wp","href":"https:\/\/api.w.org\/{rel}","templated":true}]}}