{"id":549,"date":"2020-12-08T20:21:48","date_gmt":"2020-12-08T20:21:48","guid":{"rendered":"http:\/\/stmbus.pl\/?p=549"},"modified":"2020-12-08T20:33:55","modified_gmt":"2020-12-08T20:33:55","slug":"swiat-nieidealny-czyli-ja-tez-popelnilem-bledy","status":"publish","type":"post","link":"http:\/\/stmbus.pl\/index.php\/2020\/12\/08\/swiat-nieidealny-czyli-ja-tez-popelnilem-bledy\/","title":{"rendered":"\u015awiat nieidealny &#8211; czyli ja te\u017c pope\u0142ni\u0142em b\u0142\u0119dy"},"content":{"rendered":"<h1>\u015awiat nieidealny &#8211; czyli ja te\u017c pope\u0142ni\u0142em b\u0142\u0119dy<\/h1>\n<p>Witajcie serdecznie w moim kolejnym wpisie. Od czas publikacji pierwszego artyku\u0142u <strong>min\u0105\u0142 ju\u017c ponad rok<\/strong>. Przez ten czas opublikowa\u0142em<strong> 23 wpisy,<\/strong> w kt\u00f3rych poruszy\u0142em szerokie spektrum temat\u00f3w o transporcie publicznym. My\u015bl\u0119 ,\u017ce najlepszym podsumowaniem tego roku publikacji moich w\u0142asnych <strong>my\u015bli, uwag oraz przekona\u0144<\/strong> jest to, i\u017c ca\u0142y czas s\u0105 <strong>one aktualne.<\/strong> Pod ka\u017cdym z nich, z ca\u0142\u0105 stanowczo\u015bci\u0105 dalej <strong>mog\u0119 si\u0119 podpisa\u0107 obiema r\u0119kami<\/strong>. <strong>By m\u00f3c tak powiedzie\u0107, musia\u0142em pope\u0142ni\u0107 niezliczon\u0105 ilo\u015b\u0107 b\u0142\u0119d\u00f3w, lecz od razu uspokajam!<\/strong>\u00a0 Kolejne przede mn\u0105. Tak, nie wstydz\u0119 si\u0119 tego ,\u017ce \u015bwiat pokazywany przeze mnie nie jest idealny. Tak\u017ce ja po\u015br\u00f3d niego, nie jestem osob\u0105 nieomyln\u0105.<\/p>\n<h2>Pope\u0142ni\u0142em b\u0142\u0105d &#8211; czy mo\u017cna si\u0119 przyzna\u0107?<\/h2>\n<p>Do napisania dzisiejszego wpisu sk\u0142oni\u0142y mnie dwie rzeczy. Bardzo m\u0105dre s\u0142owa jednego z polskich wyk\u0142adowc\u00f3w presti\u017cowej szko\u0142y zarz\u0105dzania (prowadzonej wy\u0142\u0105cznie przez praktyk\u00f3w) oraz <strong>krytyczna obserwacja idealnego \u015bwiata<\/strong>, kreowanego przez mi\u0119dzy innymi portale na kt\u00f3rych prezentujemy swoje postacie. Wspomniany wyk\u0142adowca powiedzia\u0142, <strong>i\u017c w biznesie niczym ha\u0144bi\u0105cym nie jest powiedzenie<\/strong>:<\/p>\n<ul>\n<li>nie wiem &#8211; najwa\u017cniejsze by doda\u0107 ,\u017ce <strong>JESZCZE<\/strong><\/li>\n<li>nie mia\u0142em racji,<\/li>\n<li>pope\u0142ni\u0142em b\u0142\u0105d &#8211;\u00a0 nale\u017cy zawsze doda\u0107: jak mo\u017cemy go naprawi\u0107?<\/li>\n<\/ul>\n<h3>Warto\u015bci ludzkie w \u015bwiecie wirtualnym<\/h3>\n<p>W obserwowanym \u015bwiecie Facebooka, Instagrama, Linkedln jest to wr\u0119cz nie do pomy\u015blenia. Idealne zdj\u0119cia, nienaganna i zachwycaj\u0105ca \u015bcie\u017cka kariery. <strong>Lecz co kryje si\u0119 za tym?<\/strong><\/p>\n<p><strong>Czy za t\u0105 zas\u0142on\u0105 kryj\u0105 si\u0119 osoby kt\u00f3re wyznaj\u0105 wymieraj\u0105ce we wsp\u00f3\u0142czesnym \u015bwiecie zasady: honoru, wagi danego s\u0142owa, poszanowania ludzi, prezentowania odpowiedniego poziomu wiedzy specjalistycznej na danym stanowisku?<\/strong><\/p>\n<p>Chcia\u0142bym by tak by\u0142o!<\/p>\n<p>Mo\u017cemy to zweryfikowa\u0107 jedynie podczas przej\u015bcia ze \u015bwiata wirtualnego do realnego. <strong>Podczas marginalizowanej wa\u017cno\u015bci bezpo\u015bredniej rozmowy<\/strong>. Podczas pr\u00f3by rozwi\u0105zania problemu. Dopiero wtedy widzimy czy <strong>nasz rozm\u00f3wca jedynie b\u0142\u0105dzi, czy te\u017c na przyk\u0142ad prezentuje fachow\u0105 wiedz\u0119, jak przysta\u0142o na prawdziwego fachowca w transporcie<\/strong>.<\/p>\n<h2>Rozw\u00f3j poprzez analiz\u0119 swoich zachowa\u0144 oraz podj\u0119tych dzia\u0142a\u0144<\/h2>\n<p>Niczym ha\u0144bi\u0105cym nie jest przyznanie si\u0119, i\u017c np. przez ostatnie lata zmieni\u0142em swoje podej\u015bcie do ludzi. Dowiedzia\u0142em si\u0119, i\u017c nie da si\u0119 wszystkiego zrobi\u0107 samemu. Nie da si\u0119 dzia\u0142a\u0107 na zasadzie tylko wydawania polece\u0144 i ci\u0105g\u0142ej kontroli. Przez ten czas budowa\u0142em swoje zaufanie do ludzi, otwarto\u015b\u0107 i ch\u0119\u0107 wzbudzenia u nich kreatywno\u015bci i zaufania co ma pom\u00f3c im w rozwoju. Oczywi\u015bcie nie wszyscy chc\u0105 w ten spos\u00f3b dzia\u0142a\u0107, lecz tak mo\u017cna szybko wychwyci\u0107, na kim mo\u017cna polega\u0107 i z kim budowa\u0107 przez to d\u0142ugotrwa\u0142e relacje.<\/p>\n<p>Kolejn\u0105 wa\u017cn\u0105 rzecz\u0105 kt\u00f3ra nie powinna dziwi\u0107 to proces <strong>doceniania relacji mi\u0119dzy ludzkich<\/strong>. Relacji kt\u00f3re budowane na zaufaniu, zast\u0119puj\u0105 rozmowy z pozycji si\u0142y, polegaj\u0105ce tylko na wyk\u0142\u00f3caniu si\u0119 i udowadnianiu innym b\u0142\u0119d\u00f3w. Przez to zrozumia\u0142em ,\u017ce du\u017co wi\u0119cej mog\u0119 osi\u0105gn\u0105\u0107 si\u0142\u0105 argument\u00f3w wynikaj\u0105cych z mojego do\u015bwiadczenia oraz specjalistycznej wiedzy, powi\u0119kszanej na przestrzeni lat.<\/p>\n<p>Utwierdzi\u0142em si\u0119 tak\u017ce w przekonaniu, i\u017c <strong>niezb\u0119dnym filarem w bran\u017cy transportu jest wiedza techniczna<\/strong>. Niestety tak cz\u0119sto marginalizowana, sp\u0142ycana oraz nie doceniana. Osoby techniczne s\u0105 cz\u0119sto pomijane, poniewa\u017c nie umie si\u0119 wykorzysta\u0107 ich wiedzy i do\u015bwiadczenia, s\u0105 nie rozumiane.\u00a0 Dociekliwo\u015b\u0107, ch\u0119\u0107 prawdziwej analizy, znalezienia przyczyny oraz wsp\u00f3lnego rozwi\u0105zania to cechy warto\u015bciowe. Powiedzenie ,\u017ce ten produkt, ta marka jest do kitu niczego nie zmienia.<\/p>\n<h3>Negowanie rzeczywisto\u015bci &#8211; czy to tylko malkontenctwo?<\/h3>\n<p>Podstawowym przekonaniem z kt\u00f3rego wyp\u0142ywaj\u0105 mi\u0119dzy innymi moje artyku\u0142y jest negowanie i krytyczno\u015b\u0107 wobec zastanych czynno\u015bci oraz procedur. Tylko patrz\u0105c przez ten pryzmat, jeste\u015bmy w stanie ci\u0105gle podnosi\u0107 jako\u015b\u0107. Rozumian\u0105 poprzez poziom naszej wiedzy, jako\u015b\u0107 naszej codziennej pracy i jej efekt\u00f3w.<\/p>\n<ul>\n<li>Szkolenia kierowc\u00f3w,<\/li>\n<li>kultura techniczna,<\/li>\n<li>eco-driving,<\/li>\n<li>jako\u015b\u0107 zarz\u0105dzania.<\/li>\n<\/ul>\n<p>Czy poruszaj\u0105c te wa\u017cne sk\u0142adowe naszej codziennej dzia\u0142alno\u015bci, wyznaczaj\u0105c standardy, pi\u0119tnuj\u0105c zachowania negatywne mo\u017cna powiedzie\u0107 ,\u017ce to zwyk\u0142e malkontenctwo? Oczywi\u015bcie ,\u017ce tak, je\u015bli tylko bardzo kr\u00f3tko wzrocznie patrzymy na prac\u0119 w danej bran\u017cy lub organizacji. Wypatruj\u0105c na horyzoncie lepiej p\u0142atnej posady.<\/p>\n<h2>\u015awiat idealny ma od dzi\u015b rys\u0119<\/h2>\n<p>&nbsp;<\/p>\n","protected":false},"excerpt":{"rendered":"<p>\u015awiat nieidealny &#8211; czyli ja te\u017c pope\u0142ni\u0142em b\u0142\u0119dy Witajcie serdecznie w moim kolejnym wpisie. Od czas publikacji pierwszego artyku\u0142u min\u0105\u0142 ju\u017c ponad rok. Przez ten czas opublikowa\u0142em 23 wpisy, w kt\u00f3rych poruszy\u0142em szerokie spektrum temat\u00f3w o transporcie publicznym. My\u015bl\u0119 ,\u017ce najlepszym podsumowaniem tego roku publikacji moich w\u0142asnych my\u015bli, uwag oraz przekona\u0144 jest to, i\u017c ca\u0142y [&hellip;]<\/p>\n","protected":false},"author":1,"featured_media":429,"comment_status":"open","ping_status":"open","sticky":false,"template":"","format":"standard","meta":{"footnotes":""},"categories":[4],"tags":[47,125,126,127,84,36,122],"yoast_head":"<!-- This site is optimized with the Yoast SEO plugin v19.4 - https:\/\/yoast.com\/wordpress\/plugins\/seo\/ -->\n<title>\u015awiat nieidealny - czyli ja te\u017c pope\u0142ni\u0142em b\u0142\u0119dy - stmbus.pl<\/title>\n<meta name=\"description\" content=\"Czy w obecnym idealnym \u015bwiecie mo\u017cna przyzna\u0107 si\u0119 ,i\u017c pope\u0142ni\u0142em b\u0142\u0119dy? O tym jak si\u0119 zmieniamy, doskonalimy i jakie warto\u015bci wyznajemy by by\u0107 lepsi w tym co robimy.\" \/>\n<meta name=\"robots\" content=\"index, follow, max-snippet:-1, max-image-preview:large, max-video-preview:-1\" \/>\n<link rel=\"canonical\" href=\"http:\/\/stmbus.pl\/index.php\/2020\/12\/08\/swiat-nieidealny-czyli-ja-tez-popelnilem-bledy\/\" \/>\n<meta property=\"og:locale\" content=\"pl_PL\" \/>\n<meta property=\"og:type\" content=\"article\" \/>\n<meta property=\"og:title\" content=\"\u015awiat nieidealny - czyli ja te\u017c pope\u0142ni\u0142em b\u0142\u0119dy - stmbus.pl\" \/>\n<meta property=\"og:description\" content=\"Czy w obecnym idealnym \u015bwiecie mo\u017cna przyzna\u0107 si\u0119 ,i\u017c pope\u0142ni\u0142em b\u0142\u0119dy? O tym jak si\u0119 zmieniamy, doskonalimy i jakie warto\u015bci wyznajemy by by\u0107 lepsi w tym co robimy.\" \/>\n<meta property=\"og:url\" content=\"http:\/\/stmbus.pl\/index.php\/2020\/12\/08\/swiat-nieidealny-czyli-ja-tez-popelnilem-bledy\/\" \/>\n<meta property=\"og:site_name\" content=\"STM Safety Technology Management\" \/>\n<meta property=\"article:published_time\" content=\"2020-12-08T20:21:48+00:00\" \/>\n<meta property=\"article:modified_time\" content=\"2020-12-08T20:33:55+00:00\" \/>\n<meta property=\"og:image\" content=\"http:\/\/stmbus.pl\/wp-content\/uploads\/2020\/08\/austin-distel-mpN7xjKQ_Ns-unsplash.jpg\" \/>\n\t<meta property=\"og:image:width\" content=\"2400\" \/>\n\t<meta property=\"og:image:height\" content=\"1800\" \/>\n\t<meta property=\"og:image:type\" content=\"image\/jpeg\" \/>\n<meta name=\"author\" content=\"Szymon\" \/>\n<meta name=\"twitter:card\" content=\"summary_large_image\" \/>\n<meta name=\"twitter:label1\" content=\"Napisane przez\" \/>\n\t<meta name=\"twitter:data1\" content=\"Szymon\" \/>\n\t<meta name=\"twitter:label2\" content=\"Szacowany czas czytania\" \/>\n\t<meta name=\"twitter:data2\" content=\"4 minuty\" \/>\n<script type=\"application\/ld+json\" class=\"yoast-schema-graph\">{\"@context\":\"https:\/\/schema.org\",\"@graph\":[{\"@type\":\"WebSite\",\"@id\":\"http:\/\/stmbus.pl\/#website\",\"url\":\"http:\/\/stmbus.pl\/\",\"name\":\"stmbus.pl Safety Technology Management\",\"description\":\"Bezpiecze\u0144stwo, technologia i zarz\u0105dzanie w transporcie.\",\"publisher\":{\"@id\":\"http:\/\/stmbus.pl\/#\/schema\/person\/d062552000a2c91240a7c7acac90f338\"},\"potentialAction\":[{\"@type\":\"SearchAction\",\"target\":{\"@type\":\"EntryPoint\",\"urlTemplate\":\"http:\/\/stmbus.pl\/?s={search_term_string}\"},\"query-input\":\"required name=search_term_string\"}],\"inLanguage\":\"pl-PL\"},{\"@type\":\"WebPage\",\"@id\":\"http:\/\/stmbus.pl\/index.php\/2020\/12\/08\/swiat-nieidealny-czyli-ja-tez-popelnilem-bledy\/\",\"url\":\"http:\/\/stmbus.pl\/index.php\/2020\/12\/08\/swiat-nieidealny-czyli-ja-tez-popelnilem-bledy\/\",\"name\":\"\u015awiat nieidealny - czyli ja te\u017c pope\u0142ni\u0142em b\u0142\u0119dy - stmbus.pl\",\"isPartOf\":{\"@id\":\"http:\/\/stmbus.pl\/#website\"},\"datePublished\":\"2020-12-08T20:21:48+00:00\",\"dateModified\":\"2020-12-08T20:33:55+00:00\",\"description\":\"Czy w obecnym idealnym \u015bwiecie mo\u017cna przyzna\u0107 si\u0119 ,i\u017c pope\u0142ni\u0142em b\u0142\u0119dy? O tym jak si\u0119 zmieniamy, doskonalimy i jakie warto\u015bci wyznajemy by by\u0107 lepsi w tym co robimy.\",\"breadcrumb\":{\"@id\":\"http:\/\/stmbus.pl\/index.php\/2020\/12\/08\/swiat-nieidealny-czyli-ja-tez-popelnilem-bledy\/#breadcrumb\"},\"inLanguage\":\"pl-PL\",\"potentialAction\":[{\"@type\":\"ReadAction\",\"target\":[\"http:\/\/stmbus.pl\/index.php\/2020\/12\/08\/swiat-nieidealny-czyli-ja-tez-popelnilem-bledy\/\"]}]},{\"@type\":\"BreadcrumbList\",\"@id\":\"http:\/\/stmbus.pl\/index.php\/2020\/12\/08\/swiat-nieidealny-czyli-ja-tez-popelnilem-bledy\/#breadcrumb\",\"itemListElement\":[{\"@type\":\"ListItem\",\"position\":1,\"name\":\"Strona g\u0142\u00f3wna\",\"item\":\"http:\/\/stmbus.pl\/\"},{\"@type\":\"ListItem\",\"position\":2,\"name\":\"\u015awiat nieidealny &#8211; czyli ja te\u017c pope\u0142ni\u0142em b\u0142\u0119dy\"}]},{\"@type\":\"Article\",\"@id\":\"http:\/\/stmbus.pl\/index.php\/2020\/12\/08\/swiat-nieidealny-czyli-ja-tez-popelnilem-bledy\/#article\",\"isPartOf\":{\"@id\":\"http:\/\/stmbus.pl\/index.php\/2020\/12\/08\/swiat-nieidealny-czyli-ja-tez-popelnilem-bledy\/\"},\"author\":{\"name\":\"Szymon\",\"@id\":\"http:\/\/stmbus.pl\/#\/schema\/person\/d062552000a2c91240a7c7acac90f338\"},\"headline\":\"\u015awiat nieidealny &#8211; czyli ja te\u017c pope\u0142ni\u0142em b\u0142\u0119dy\",\"datePublished\":\"2020-12-08T20:21:48+00:00\",\"dateModified\":\"2020-12-08T20:33:55+00:00\",\"mainEntityOfPage\":{\"@id\":\"http:\/\/stmbus.pl\/index.php\/2020\/12\/08\/swiat-nieidealny-czyli-ja-tez-popelnilem-bledy\/\"},\"wordCount\":763,\"commentCount\":1,\"publisher\":{\"@id\":\"http:\/\/stmbus.pl\/#\/schema\/person\/d062552000a2c91240a7c7acac90f338\"},\"keywords\":[\"autobus\",\"b\u0142\u0105d\",\"b\u0142\u0119dy\",\"\u015bwiat idealny\",\"transport\",\"zarz\u0105dzanie\",\"zaufanie\"],\"articleSection\":[\"Zarz\u0105dzanie w transporcie\"],\"inLanguage\":\"pl-PL\",\"potentialAction\":[{\"@type\":\"CommentAction\",\"name\":\"Comment\",\"target\":[\"http:\/\/stmbus.pl\/index.php\/2020\/12\/08\/swiat-nieidealny-czyli-ja-tez-popelnilem-bledy\/#respond\"]}]},{\"@type\":[\"Person\",\"Organization\"],\"@id\":\"http:\/\/stmbus.pl\/#\/schema\/person\/d062552000a2c91240a7c7acac90f338\",\"name\":\"Szymon\",\"image\":{\"@type\":\"ImageObject\",\"inLanguage\":\"pl-PL\",\"@id\":\"http:\/\/stmbus.pl\/#\/schema\/person\/image\/\",\"url\":\"http:\/\/1.gravatar.com\/avatar\/a504aff765b125c34a2de6ddaa56746d?s=96&d=mm&r=g\",\"contentUrl\":\"http:\/\/1.gravatar.com\/avatar\/a504aff765b125c34a2de6ddaa56746d?s=96&d=mm&r=g\",\"caption\":\"Szymon\"},\"logo\":{\"@id\":\"http:\/\/stmbus.pl\/#\/schema\/person\/image\/\"}}]}<\/script>\n<!-- \/ Yoast SEO plugin. -->","yoast_head_json":{"title":"\u015awiat nieidealny - czyli ja te\u017c pope\u0142ni\u0142em b\u0142\u0119dy - stmbus.pl","description":"Czy w obecnym idealnym \u015bwiecie mo\u017cna przyzna\u0107 si\u0119 ,i\u017c pope\u0142ni\u0142em b\u0142\u0119dy? O tym jak si\u0119 zmieniamy, doskonalimy i jakie warto\u015bci wyznajemy by by\u0107 lepsi w tym co robimy.","robots":{"index":"index","follow":"follow","max-snippet":"max-snippet:-1","max-image-preview":"max-image-preview:large","max-video-preview":"max-video-preview:-1"},"canonical":"http:\/\/stmbus.pl\/index.php\/2020\/12\/08\/swiat-nieidealny-czyli-ja-tez-popelnilem-bledy\/","og_locale":"pl_PL","og_type":"article","og_title":"\u015awiat nieidealny - czyli ja te\u017c pope\u0142ni\u0142em b\u0142\u0119dy - stmbus.pl","og_description":"Czy w obecnym idealnym \u015bwiecie mo\u017cna przyzna\u0107 si\u0119 ,i\u017c pope\u0142ni\u0142em b\u0142\u0119dy? O tym jak si\u0119 zmieniamy, doskonalimy i jakie warto\u015bci wyznajemy by by\u0107 lepsi w tym co robimy.","og_url":"http:\/\/stmbus.pl\/index.php\/2020\/12\/08\/swiat-nieidealny-czyli-ja-tez-popelnilem-bledy\/","og_site_name":"STM Safety Technology Management","article_published_time":"2020-12-08T20:21:48+00:00","article_modified_time":"2020-12-08T20:33:55+00:00","og_image":[{"width":2400,"height":1800,"url":"http:\/\/stmbus.pl\/wp-content\/uploads\/2020\/08\/austin-distel-mpN7xjKQ_Ns-unsplash.jpg","type":"image\/jpeg"}],"author":"Szymon","twitter_card":"summary_large_image","twitter_misc":{"Napisane przez":"Szymon","Szacowany czas czytania":"4 minuty"},"schema":{"@context":"https:\/\/schema.org","@graph":[{"@type":"WebSite","@id":"http:\/\/stmbus.pl\/#website","url":"http:\/\/stmbus.pl\/","name":"stmbus.pl Safety Technology Management","description":"Bezpiecze\u0144stwo, technologia i zarz\u0105dzanie w transporcie.","publisher":{"@id":"http:\/\/stmbus.pl\/#\/schema\/person\/d062552000a2c91240a7c7acac90f338"},"potentialAction":[{"@type":"SearchAction","target":{"@type":"EntryPoint","urlTemplate":"http:\/\/stmbus.pl\/?s={search_term_string}"},"query-input":"required name=search_term_string"}],"inLanguage":"pl-PL"},{"@type":"WebPage","@id":"http:\/\/stmbus.pl\/index.php\/2020\/12\/08\/swiat-nieidealny-czyli-ja-tez-popelnilem-bledy\/","url":"http:\/\/stmbus.pl\/index.php\/2020\/12\/08\/swiat-nieidealny-czyli-ja-tez-popelnilem-bledy\/","name":"\u015awiat nieidealny - czyli ja te\u017c pope\u0142ni\u0142em b\u0142\u0119dy - stmbus.pl","isPartOf":{"@id":"http:\/\/stmbus.pl\/#website"},"datePublished":"2020-12-08T20:21:48+00:00","dateModified":"2020-12-08T20:33:55+00:00","description":"Czy w obecnym idealnym \u015bwiecie mo\u017cna przyzna\u0107 si\u0119 ,i\u017c pope\u0142ni\u0142em b\u0142\u0119dy? O tym jak si\u0119 zmieniamy, doskonalimy i jakie warto\u015bci wyznajemy by by\u0107 lepsi w tym co robimy.","breadcrumb":{"@id":"http:\/\/stmbus.pl\/index.php\/2020\/12\/08\/swiat-nieidealny-czyli-ja-tez-popelnilem-bledy\/#breadcrumb"},"inLanguage":"pl-PL","potentialAction":[{"@type":"ReadAction","target":["http:\/\/stmbus.pl\/index.php\/2020\/12\/08\/swiat-nieidealny-czyli-ja-tez-popelnilem-bledy\/"]}]},{"@type":"BreadcrumbList","@id":"http:\/\/stmbus.pl\/index.php\/2020\/12\/08\/swiat-nieidealny-czyli-ja-tez-popelnilem-bledy\/#breadcrumb","itemListElement":[{"@type":"ListItem","position":1,"name":"Strona g\u0142\u00f3wna","item":"http:\/\/stmbus.pl\/"},{"@type":"ListItem","position":2,"name":"\u015awiat nieidealny &#8211; czyli ja te\u017c pope\u0142ni\u0142em b\u0142\u0119dy"}]},{"@type":"Article","@id":"http:\/\/stmbus.pl\/index.php\/2020\/12\/08\/swiat-nieidealny-czyli-ja-tez-popelnilem-bledy\/#article","isPartOf":{"@id":"http:\/\/stmbus.pl\/index.php\/2020\/12\/08\/swiat-nieidealny-czyli-ja-tez-popelnilem-bledy\/"},"author":{"name":"Szymon","@id":"http:\/\/stmbus.pl\/#\/schema\/person\/d062552000a2c91240a7c7acac90f338"},"headline":"\u015awiat nieidealny &#8211; czyli ja te\u017c pope\u0142ni\u0142em b\u0142\u0119dy","datePublished":"2020-12-08T20:21:48+00:00","dateModified":"2020-12-08T20:33:55+00:00","mainEntityOfPage":{"@id":"http:\/\/stmbus.pl\/index.php\/2020\/12\/08\/swiat-nieidealny-czyli-ja-tez-popelnilem-bledy\/"},"wordCount":763,"commentCount":1,"publisher":{"@id":"http:\/\/stmbus.pl\/#\/schema\/person\/d062552000a2c91240a7c7acac90f338"},"keywords":["autobus","b\u0142\u0105d","b\u0142\u0119dy","\u015bwiat idealny","transport","zarz\u0105dzanie","zaufanie"],"articleSection":["Zarz\u0105dzanie w transporcie"],"inLanguage":"pl-PL","potentialAction":[{"@type":"CommentAction","name":"Comment","target":["http:\/\/stmbus.pl\/index.php\/2020\/12\/08\/swiat-nieidealny-czyli-ja-tez-popelnilem-bledy\/#respond"]}]},{"@type":["Person","Organization"],"@id":"http:\/\/stmbus.pl\/#\/schema\/person\/d062552000a2c91240a7c7acac90f338","name":"Szymon","image":{"@type":"ImageObject","inLanguage":"pl-PL","@id":"http:\/\/stmbus.pl\/#\/schema\/person\/image\/","url":"http:\/\/1.gravatar.com\/avatar\/a504aff765b125c34a2de6ddaa56746d?s=96&d=mm&r=g","contentUrl":"http:\/\/1.gravatar.com\/avatar\/a504aff765b125c34a2de6ddaa56746d?s=96&d=mm&r=g","caption":"Szymon"},"logo":{"@id":"http:\/\/stmbus.pl\/#\/schema\/person\/image\/"}}]}},"_links":{"self":[{"href":"http:\/\/stmbus.pl\/index.php\/wp-json\/wp\/v2\/posts\/549"}],"collection":[{"href":"http:\/\/stmbus.pl\/index.php\/wp-json\/wp\/v2\/posts"}],"about":[{"href":"http:\/\/stmbus.pl\/index.php\/wp-json\/wp\/v2\/types\/post"}],"author":[{"embeddable":true,"href":"http:\/\/stmbus.pl\/index.php\/wp-json\/wp\/v2\/users\/1"}],"replies":[{"embeddable":true,"href":"http:\/\/stmbus.pl\/index.php\/wp-json\/wp\/v2\/comments?post=549"}],"version-history":[{"count":3,"href":"http:\/\/stmbus.pl\/index.php\/wp-json\/wp\/v2\/posts\/549\/revisions"}],"predecessor-version":[{"id":552,"href":"http:\/\/stmbus.pl\/index.php\/wp-json\/wp\/v2\/posts\/549\/revisions\/552"}],"wp:featuredmedia":[{"embeddable":true,"href":"http:\/\/stmbus.pl\/index.php\/wp-json\/wp\/v2\/media\/429"}],"wp:attachment":[{"href":"http:\/\/stmbus.pl\/index.php\/wp-json\/wp\/v2\/media?parent=549"}],"wp:term":[{"taxonomy":"category","embeddable":true,"href":"http:\/\/stmbus.pl\/index.php\/wp-json\/wp\/v2\/categories?post=549"},{"taxonomy":"post_tag","embeddable":true,"href":"http:\/\/stmbus.pl\/index.php\/wp-json\/wp\/v2\/tags?post=549"}],"curies":[{"name":"wp","href":"https:\/\/api.w.org\/{rel}","templated":true}]}}