{"id":243,"date":"2020-04-21T10:59:00","date_gmt":"2020-04-21T10:59:00","guid":{"rendered":"http:\/\/stmbus.pl\/?p=243"},"modified":"2020-09-17T16:13:14","modified_gmt":"2020-09-17T16:13:14","slug":"mercedes-benz-new-conecto-czy-na-pewno-nowy","status":"publish","type":"post","link":"http:\/\/stmbus.pl\/index.php\/2020\/04\/21\/mercedes-benz-new-conecto-czy-na-pewno-nowy\/","title":{"rendered":"Test Mercedes Benz New Conecto &#8211; czy na pewno nowy?"},"content":{"rendered":"\r\n<p>Witajcie serdecznie.<\/p>\r\n<p><strong>Czy widzieli\u015bcie ju\u017c na drogach swoich miast now\u0105 generacj\u0119 Mercedes Conecto? A kt\u00f3ry to nowy? Je\u015bli chcecie dowiedzie\u0107 si\u0119 kt\u00f3ry to ten nowy, czy czym\u015b si\u0119 r\u00f3\u017cni to zapraszamy do lektury.<\/strong><\/p>\r\n<p>Zapraszamy was dzi\u015b na now\u0105 seri\u0119 artyku\u0142\u00f3w na naszym portalu. Czas dla bran\u017cy transportowej nie jest najlepszy, lecz nale\u017cy pami\u0119ta\u0107, \u017ce po ka\u017cdej burzy przychodzi s\u0142o\u0144ce. B\u0105d\u017amy gotowi na czas po kryzysie, gdy b\u0119dziemy mogli wdro\u017cy\u0107 niezb\u0119dne rozwi\u0105zania kt\u00f3re zawarte b\u0119d\u0105 w naszym te\u015bcie. Ale zanim przejdziemy do sedna sprawy, nale\u017cy si\u0119 par\u0119 s\u0142\u00f3w wst\u0119pu.<\/p>\r\n\r\n\r\n\r\n<p>W internecie mo\u017cecie znale\u017a\u0107 wiele materia\u0142\u00f3w prasowych oraz nagra\u0144 video z przeprowadzonych test\u00f3w samochod\u00f3w, osobowych czy nawet ci\u0105gnik\u00f3w siod\u0142owych.<\/p>\r\n\r\n\r\n\r\n<p>Ka\u017cdy z recenzent\u00f3w stara si\u0119 wypracowa\u0107 sw\u00f3j indywidualny styl, przez co staje si\u0119 rozpoznawalny w ogromie dost\u0119pnych publikacji. Stara si\u0119 on tak\u017ce skupi\u0107 na wa\u017cnych dla potencjalnego odbiorcy aspektach jak np.: silnik i jego osi\u0105gi, jako\u015b\u0107 prowadzenia, jako\u015b\u0107 wyko\u0144czenia wn\u0119trza, funkcjonalno\u015b\u0107 dla rodziny oraz wiele innych.<\/p>\r\n\r\n\r\n\r\n<p>Nawet w \u015bwiecie ci\u0119\u017car\u00f3wek, mo\u017cecie znale\u017a\u0107 wiele recenzji ci\u0105gnik\u00f3w siod\u0142owych, skupiaj\u0105cych si\u0119 g\u0142\u00f3wnie nad funkcjonalno\u015bci\u0105 dla kierowcy. Czemu zatem nie znajdziecie recenzji autobus\u00f3w?<\/p>\r\n\r\n\r\n\r\n<p>Ju\u017c w jednym z naszych poprzednich artyku\u0142\u00f3w, <a href=\"http:\/\/stmbus.pl\/index.php\/2019\/10\/29\/autobus-jak-autobus-kazdy-taki-sam\/\" target=\"_blank\" rel=\"noreferrer noopener\">Autobus jak autobus, ka\u017cdy taki sam<\/a>, wskazali\u015bmy, i\u017c jest to bardzo z\u0142o\u017cona konstrukcja. Z\u0142o\u017cono\u015b\u0107 rozumiana pod poj\u0119ciem dopasowania element\u00f3w zapewniaj\u0105cych:<\/p>\r\n\r\n\r\n\r\n<ul>\r\n<li>funkcjonalno\u015b\u0107 i bezpiecze\u0144stwo dla pasa\u017cer\u00f3w,<\/li>\r\n<li>odpowiednie miejsce pracy dla kierowcy \u2013 zapraszamy do artyku\u0142u <a href=\"http:\/\/stmbus.pl\/index.php\/2019\/12\/12\/siednij-se-wygodnie\/\" target=\"_blank\" rel=\"noreferrer noopener\">Siednij se wygodnie<\/a><\/li>\r\n<li>wysok\u0105 dost\u0119pno\u015b\u0107 techniczn\u0105 oraz niskie koszty eksploatacji.<\/li>\r\n<\/ul>\r\n\r\n\r\n\r\n<p><strong>Wracaj\u0105c do wcze\u015bniej zadanego pytania, czemu nie znajdziecie recenzji lub test\u00f3w autobus\u00f3w? Ot\u00f3\u017c jest to na tyle konstrukcja z\u0142o\u017cona, i\u017c wymaga ona analizy z punktu widzenia zar\u00f3wno:<\/strong><\/p>\r\n\r\n\r\n\r\n<ul>\r\n<li>zamawiaj\u0105cego us\u0142ug\u0119 \u2013 zarz\u0105d transportu miejskiego, miasto, przewo\u017anika, u\u017cytkownika,<\/li>\r\n<li>operatora, zar\u00f3wno pod k\u0105tem przewozowym jak i technicznym,<\/li>\r\n<li>odbiorcy us\u0142ugi \u2013 pasa\u017cera,<\/li>\r\n<li>obs\u0142ugi pojazdu \u2013 kierowcy.<\/li>\r\n<\/ul>\r\n\r\n\r\n\r\n<p>I w\u0142a\u015bnie taki b\u0119dzie nasz test &#8211; recenzja.<\/p>\r\n\r\n\r\n\r\n<p><strong>Zapraszamy wi\u0119c dzi\u015b na pierwszy test w naszym wykonaniu. B\u0119dzie nim autobus miejski, Mercedes Conecto G New Edition w wersji przegubowej.<\/strong><\/p>\r\n\r\n\r\n\r\n<figure class=\"wp-block-image size-large\"><img loading=\"lazy\" decoding=\"async\" class=\"alignnone wp-image-178\" src=\"http:\/\/stmbus.pl\/wp-content\/uploads\/2020\/03\/53-1024x685.jpg\" alt=\"Mercedes Conecto G New Edition 2020 r.\" width=\"1024\" height=\"685\" srcset=\"http:\/\/stmbus.pl\/wp-content\/uploads\/2020\/03\/53-1024x685.jpg 1024w, http:\/\/stmbus.pl\/wp-content\/uploads\/2020\/03\/53-300x201.jpg 300w, http:\/\/stmbus.pl\/wp-content\/uploads\/2020\/03\/53-768x514.jpg 768w, http:\/\/stmbus.pl\/wp-content\/uploads\/2020\/03\/53-1536x1028.jpg 1536w, http:\/\/stmbus.pl\/wp-content\/uploads\/2020\/03\/53-2048x1371.jpg 2048w, http:\/\/stmbus.pl\/wp-content\/uploads\/2020\/03\/53-900x602.jpg 900w, http:\/\/stmbus.pl\/wp-content\/uploads\/2020\/03\/53-1280x857.jpg 1280w\" sizes=\"(max-width: 1024px) 100vw, 1024px\" \/>\r\n<figcaption><strong>Mercedes Conecto G New Edition 2020 r.<\/strong><\/figcaption>\r\n<\/figure>\r\n\r\n\r\n\r\n<p><strong>Dla formalno\u015bci na pocz\u0105tek par\u0119 suchych fakt\u00f3w na temat naszego g\u0142\u00f3wnego bohatera:<\/strong><\/p>\r\n\r\n\r\n\r\n<h2>Mercedes Conecto G<\/h2>\r\n\r\n\r\n\r\n<ul>\r\n<li>rok produkcji 2020,<\/li>\r\n<li>d\u0142ugo\u015b\u0107: 18,124 metra,<\/li>\r\n<li>silnik: OM470 360 KM, Euro 6, pojemno\u015b\u0107 10,7 l. , max. 1700Nm,<\/li>\r\n<li>skrzynia bieg\u00f3w: Voith DIWA.6. 4 &#8211; stopniowa<\/li>\r\n<li>wersja 4 drzwiowa miejska,<\/li>\r\n<li>opony: Continental HA3<\/li>\r\n<li>osie: 1 niezale\u017cna, 2-3 o\u015b portalowa ZF<\/li>\r\n<\/ul>\r\n\r\n\r\n\r\n<p><strong>Ju\u017c na pierwszy rzut okna, w por\u00f3wnaniu do poprzedniej wersji, widzimy ca\u0142kowicie now\u0105 \u015bcian\u0119 czo\u0142ow\u0105.<\/strong><\/p>\r\n\r\n\r\n\r\n<p>Zmienione zosta\u0142y wszystkie elementy poszycia, jednocze\u015bnie likwiduj\u0105c zderzak przedni w cz\u0119\u015bci \u015brodkowej, zast\u0119puj\u0105c go zespolon\u0105 klap\u0105 przednia.<\/p>\r\n\r\n\r\n\r\n<div class=\"wp-block-image\">\r\n<figure class=\"aligncenter size-full\"><img loading=\"lazy\" decoding=\"async\" class=\"alignnone wp-image-189\" src=\"http:\/\/stmbus.pl\/wp-content\/uploads\/2020\/03\/58-1-scaled.jpg\" alt=\"Zespolona klapa przednia\" width=\"2560\" height=\"1714\" srcset=\"http:\/\/stmbus.pl\/wp-content\/uploads\/2020\/03\/58-1-scaled.jpg 2560w, http:\/\/stmbus.pl\/wp-content\/uploads\/2020\/03\/58-1-300x201.jpg 300w, http:\/\/stmbus.pl\/wp-content\/uploads\/2020\/03\/58-1-1024x685.jpg 1024w, http:\/\/stmbus.pl\/wp-content\/uploads\/2020\/03\/58-1-768x514.jpg 768w, http:\/\/stmbus.pl\/wp-content\/uploads\/2020\/03\/58-1-1536x1028.jpg 1536w, http:\/\/stmbus.pl\/wp-content\/uploads\/2020\/03\/58-1-2048x1371.jpg 2048w, http:\/\/stmbus.pl\/wp-content\/uploads\/2020\/03\/58-1-900x602.jpg 900w, http:\/\/stmbus.pl\/wp-content\/uploads\/2020\/03\/58-1-1280x857.jpg 1280w\" sizes=\"(max-width: 2560px) 100vw, 2560px\" \/>\r\n<figcaption><strong>Zespolona klapa przednia<\/strong><\/figcaption>\r\n<\/figure>\r\n<\/div>\r\n\r\n\r\n\r\n<div class=\"wp-block-image\">\r\n<figure class=\"aligncenter size-full\"><img loading=\"lazy\" decoding=\"async\" class=\"alignnone wp-image-270\" src=\"http:\/\/stmbus.pl\/wp-content\/uploads\/2020\/04\/37-scaled.jpg\" alt=\"\u015aciana przednia - widok na lew\u0105 stron\u0119\" width=\"2560\" height=\"1714\" srcset=\"http:\/\/stmbus.pl\/wp-content\/uploads\/2020\/04\/37-scaled.jpg 2560w, http:\/\/stmbus.pl\/wp-content\/uploads\/2020\/04\/37-300x201.jpg 300w, http:\/\/stmbus.pl\/wp-content\/uploads\/2020\/04\/37-1024x685.jpg 1024w, http:\/\/stmbus.pl\/wp-content\/uploads\/2020\/04\/37-768x514.jpg 768w, http:\/\/stmbus.pl\/wp-content\/uploads\/2020\/04\/37-1536x1028.jpg 1536w, http:\/\/stmbus.pl\/wp-content\/uploads\/2020\/04\/37-2048x1371.jpg 2048w, http:\/\/stmbus.pl\/wp-content\/uploads\/2020\/04\/37-360x241.jpg 360w\" sizes=\"(max-width: 2560px) 100vw, 2560px\" \/>\r\n<figcaption><strong>\u015aciana przednia &#8211; widok na lew\u0105 stron\u0119<\/strong><\/figcaption>\r\n<\/figure>\r\n<\/div>\r\n\r\n\r\n\r\n<p>Zastosowanie du\u017cej klapy przedniej, mo\u017ce by\u0107 zar\u00f3wno zalet\u0105 jak i wad\u0105. Wad\u0105 gdy nawet w przypadku niewielkiej szkody, konieczna staje si\u0119 wymiana ca\u0142ego elementu oraz koszt tego elementu oraz konieczno\u015b\u0107 demonta\u017cu w przypadku konieczno\u015bci holowania. Zalet\u0105 mo\u017ce by\u0107 ograniczenie niezb\u0119dnej ilo\u015bci cz\u0119\u015bci na magazynie, w celu zachowania wska\u017anika dost\u0119pno\u015bci technicznej.<\/p>\r\n\r\n\r\n\r\n<p>Kolejn\u0105 konstrukcyjn\u0105 zmian\u0105 \u015bciany przedniej, jest brak dolnych profili naro\u017cnych. W ten spos\u00f3b za naro\u017cnikami pojawia si\u0119 pusta przestrze\u0144 pomi\u0119dzy zderzakiem, a frontow\u0105 \u015bcian\u0105. W wyniku zdarzenia drogowego, gdzie uszkodzeniu ulegnie naro\u017cny zderzak, prawdopodobnie ulegnie on du\u017co wi\u0119kszym uszkodzeniom wraz z lampami ni\u017c w poprzednim modelu.<\/p>\r\n\r\n\r\n\r\n<figure class=\"wp-block-image size-large\"><img loading=\"lazy\" decoding=\"async\" class=\"alignnone wp-image-182\" src=\"http:\/\/stmbus.pl\/wp-content\/uploads\/2020\/03\/36-1024x685.jpg\" alt=\"\u015aciana przednia - widok na prawa stron\u0119\" width=\"1024\" height=\"685\" srcset=\"http:\/\/stmbus.pl\/wp-content\/uploads\/2020\/03\/36-1024x685.jpg 1024w, http:\/\/stmbus.pl\/wp-content\/uploads\/2020\/03\/36-300x201.jpg 300w, http:\/\/stmbus.pl\/wp-content\/uploads\/2020\/03\/36-768x514.jpg 768w, http:\/\/stmbus.pl\/wp-content\/uploads\/2020\/03\/36-1536x1028.jpg 1536w, http:\/\/stmbus.pl\/wp-content\/uploads\/2020\/03\/36-2048x1371.jpg 2048w, http:\/\/stmbus.pl\/wp-content\/uploads\/2020\/03\/36-900x602.jpg 900w, http:\/\/stmbus.pl\/wp-content\/uploads\/2020\/03\/36-1280x857.jpg 1280w\" sizes=\"(max-width: 1024px) 100vw, 1024px\" \/>\r\n<figcaption><strong>\u015aciana przednia &#8211; widok na prawa stron\u0119<\/strong><\/figcaption>\r\n<\/figure>\r\n\r\n\r\n\r\n<p><strong>Po otwarciu klapy przedniej uwidacznia si\u0119 tak\u017ce nowa konstrukcja zbiornika na p\u0142yn do spryskiwaczy wraz z jego mocowaniem, kt\u00f3re cz\u0119sto ulega\u0142o uszkodzeniu w poprzednim modelu.<\/strong><\/p>\r\n\r\n\r\n\r\n<p>Opr\u00f3cz tego widzimy innego producenta bardzo u\u017cytecznego systemu centralnego smarowania osi oraz wie\u0144ca obrotnicy, ma\u0142\u0105 lecz znacz\u0105c\u0105 zmian\u0105 jest zmiana po\u0142o\u017cenia kalamitki do uzupe\u0142niania smaru, do kt\u00f3rej teraz jest zdecydowanie lepszy dost\u0119p.<\/p>\r\n\r\n\r\n\r\n<figure class=\"wp-block-image size-large\"><img loading=\"lazy\" decoding=\"async\" class=\"alignnone wp-image-180\" src=\"http:\/\/stmbus.pl\/wp-content\/uploads\/2020\/03\/35-1024x685.jpg\" alt=\"Nowo\u015b\u0107 w Conecto - modu\u0142 radaru odleg\u0142o\u015bciowego\" width=\"1024\" height=\"685\" srcset=\"http:\/\/stmbus.pl\/wp-content\/uploads\/2020\/03\/35-1024x685.jpg 1024w, http:\/\/stmbus.pl\/wp-content\/uploads\/2020\/03\/35-300x201.jpg 300w, http:\/\/stmbus.pl\/wp-content\/uploads\/2020\/03\/35-768x514.jpg 768w, http:\/\/stmbus.pl\/wp-content\/uploads\/2020\/03\/35-1536x1028.jpg 1536w, http:\/\/stmbus.pl\/wp-content\/uploads\/2020\/03\/35-2048x1371.jpg 2048w, http:\/\/stmbus.pl\/wp-content\/uploads\/2020\/03\/35-900x602.jpg 900w, http:\/\/stmbus.pl\/wp-content\/uploads\/2020\/03\/35-1280x857.jpg 1280w\" sizes=\"(max-width: 1024px) 100vw, 1024px\" \/>\r\n<figcaption><strong>Nowo\u015b\u0107 w Conecto &#8211; modu\u0142 radaru odleg\u0142o\u015bciowego<\/strong><\/figcaption>\r\n<\/figure>\r\n\r\n\r\n\r\n<p><strong>Na froncie widzimy r\u00f3wnie\u017c modu\u0142 radaru odleg\u0142o\u015bciowego, znanego ju\u017c turystycznych wersji Mercedesa lub Setry. O tym systemie szerzej w dalszej cz\u0119\u015bci testu.<\/strong><\/p>\r\n<p>&nbsp;<\/p>\r\n<p><strong>Pomimo zastosowania nowych laminat\u00f3w \u015bciany przedniej, nie uleg\u0142y zmianie szyby.<\/strong><\/p>\r\n\r\n\r\n\r\n<p>Zar\u00f3wno szyba czo\u0142owa, naro\u017cne jak i wy\u015bwietlacza s\u0105 identyczne jak w poprzednich modelach, co znacz\u0105co ogranicza koszty i u\u0142atwia eksploatacj\u0119 obu modeli jednocze\u015bnie. Niestety w nowym modelu zrezygnowano z listew maskuj\u0105cych znajduj\u0105cych si\u0119 na po\u0142\u0105czeniu szyby czo\u0142owej i naro\u017cnej. W wyniku tego podczas jazdy w trudnych warunkach atmosferycznych, woda oraz zabrudzenia z szyby czo\u0142owej przedostaj\u0105 si\u0119 na szyby naro\u017cne ograniczaj\u0105c widoczno\u015b\u0107. Ta na poz\u00f3r niewielka zmiana zgodnie z filozofi\u0105 producenta mia\u0142a s\u0142u\u017cy\u0107 poprawie widoczno\u015bci dla kierowcy, kt\u00f3ra w skrajnych przypadkach w poprzednim modelu mog\u0142a by\u0107 ograniczona.<\/p>\r\n\r\n\r\n\r\n<p><strong>Je\u015bli ju\u017c za\u015b m\u00f3wimy o poszyciu zewn\u0119trznym, to kolejn\u0105 istotn\u0105 zmian\u0105 jest szyba w kabinie kierowcy. Zmieniono jej uk\u0142ad, od teraz cz\u0119\u015b\u0107 otwierana stanowi tylna cz\u0119\u015b\u0107.<\/strong><\/p>\r\n\r\n\r\n\r\n<figure class=\"wp-block-image size-large\"><img loading=\"lazy\" decoding=\"async\" class=\"alignnone wp-image-202\" src=\"http:\/\/stmbus.pl\/wp-content\/uploads\/2020\/03\/48-1024x772.jpg\" alt=\"Szyba kabiny kierowcy z tyln\u0105 cz\u0119\u015bci\u0105 przesuwn\u0105\" width=\"1024\" height=\"772\" srcset=\"http:\/\/stmbus.pl\/wp-content\/uploads\/2020\/03\/48-1024x772.jpg 1024w, http:\/\/stmbus.pl\/wp-content\/uploads\/2020\/03\/48-300x226.jpg 300w, http:\/\/stmbus.pl\/wp-content\/uploads\/2020\/03\/48-768x579.jpg 768w, http:\/\/stmbus.pl\/wp-content\/uploads\/2020\/03\/48-1536x1158.jpg 1536w, http:\/\/stmbus.pl\/wp-content\/uploads\/2020\/03\/48-2048x1544.jpg 2048w, http:\/\/stmbus.pl\/wp-content\/uploads\/2020\/03\/48-900x678.jpg 900w, http:\/\/stmbus.pl\/wp-content\/uploads\/2020\/03\/48-1280x965.jpg 1280w\" sizes=\"(max-width: 1024px) 100vw, 1024px\" \/>\r\n<figcaption><strong>Szyba kabiny kierowcy z tyln\u0105 cz\u0119\u015bci\u0105 przesuwn\u0105<\/strong><\/figcaption>\r\n<\/figure>\r\n\r\n\r\n\r\n<p>Okno wykonane jest bardzo solidnie, zar\u00f3wno mocny uchwyt jak i prowadzenie w prowadnicy z dok\u0142adn\u0105 uszczelk\u0105, zapewnia bardzo p\u0142ynne otwieranie oraz ustawienie w \u017c\u0105danej pozycji. Jest to zmiana zdecydowanie na plus. W por\u00f3wnaniu do poprzedniego modelu, gdzie klamka cz\u0119\u015bci przesuwnej ulega\u0142a cz\u0119stym uszkodzeniom, a i jako\u015b\u0107 spasowania szyby w prowadnicy powodowa\u0142a wibracje podczas jazdy. Skrajnymi lecz nie odosobnionymi przypadkami by\u0142o tak\u017ce samoczynne p\u0119kanie cz\u0119\u015bci ruchomej. Jedyn\u0105 ewentualn\u0105 wad\u0105 obecnego rozwi\u0105zania mog\u0105 by\u0107 koszty napraw po ewentualnym zdarzeniu drogowym, gdzie b\u0119dziemy musieli wymieni\u0107 ca\u0142o\u015b\u0107 okno. Pocieszeniem mo\u017ce by\u0107 fakt, i\u017c takie przypadki s\u0105 jednak sporadyczne.<\/p>\r\n\r\n\r\n\r\n<p>Dla dope\u0142nienia zmian konstrukcyjnych poszycia zewn\u0119trznego, nie mo\u017cemy oczywi\u015bcie zapomnie\u0107 o tylnej \u015bcianie pojazdu.<\/p>\r\n\r\n\r\n\r\n<figure class=\"wp-block-image size-large\"><strong><img loading=\"lazy\" decoding=\"async\" class=\"alignnone wp-image-204\" src=\"http:\/\/stmbus.pl\/wp-content\/uploads\/2020\/03\/57-1024x708.jpg\" alt=\"\u015aciana tylna pojazdu\" width=\"1024\" height=\"708\" srcset=\"http:\/\/stmbus.pl\/wp-content\/uploads\/2020\/03\/57-1024x708.jpg 1024w, http:\/\/stmbus.pl\/wp-content\/uploads\/2020\/03\/57-300x207.jpg 300w, http:\/\/stmbus.pl\/wp-content\/uploads\/2020\/03\/57-768x531.jpg 768w, http:\/\/stmbus.pl\/wp-content\/uploads\/2020\/03\/57-1536x1062.jpg 1536w, http:\/\/stmbus.pl\/wp-content\/uploads\/2020\/03\/57-2048x1416.jpg 2048w, http:\/\/stmbus.pl\/wp-content\/uploads\/2020\/03\/57-900x622.jpg 900w, http:\/\/stmbus.pl\/wp-content\/uploads\/2020\/03\/57-1280x885.jpg 1280w\" sizes=\"(max-width: 1024px) 100vw, 1024px\" \/><\/strong>\r\n<figcaption><strong>\u015aciana tylna pojazdu<\/strong><\/figcaption>\r\n<\/figure>\r\n\r\n\r\n\r\n<h3 class=\"wp-block-heading\"><strong>Jak mo\u017cna zauwa\u017cy\u0107 w tylnej cz\u0119\u015bci pojazdu r\u00f3wnie\u017c zasz\u0142y du\u017ce zmiany:<\/strong><\/h3>\r\n\r\n\r\n\r\n<ul>\r\n<li>nie mamy ju\u017c zespolonych lamp z osobn\u0105 cz\u0119\u015bci\u0105 odblaskow\u0105,<\/li>\r\n<li>wszystkie \u015bwiat\u0142a wyst\u0119puj\u0105 w osobnych \u201etubach\u201d,<\/li>\r\n<li>wszystkie \u015bwiat\u0142a s\u0105 w technologii LED,<\/li>\r\n<li>\u015bwiat\u0142a odblaskowe zosta\u0142y przeniesione do zderzak\u00f3w naro\u017cnych,<\/li>\r\n<li>klap\u0119 szklan\u0105 lew\u0105 zast\u0105piono sta\u0142ym elementem poszycia,<\/li>\r\n<li>zmniejszono obudow\u0119 dachow\u0105 filtra powietrza silnika.<\/li>\r\n<\/ul>\r\n\r\n\r\n\r\n<h3><strong>Zmiany te s\u0105 bardzo dobr\u0105 wiadomo\u015bci\u0105 dla u\u017cytkownik\u00f3w nowe wersji:<\/strong><\/h3>\r\n\r\n\r\n\r\n<ul>\r\n<li>zlikwidowano problem wypalaj\u0105cych si\u0119 lamp zespolonych, w wyniku dzia\u0142ania wysokiej temperatury silnika oraz filtr\u00f3w DPF,<\/li>\r\n<li>brak konieczno\u015bci wymiany pojedynczych \u017car\u00f3wek, co by\u0142o mocno problematyczne, zw\u0142aszcza w przypadku prawej lampy, ze wzgl\u0119du na ciasna zabudow\u0119 modu\u0142u oczyszczania spalin,<\/li>\r\n<li>klap\u0119 szklan\u0105 na tylnej \u015bcianie, kt\u00f3ra by\u0142a najdro\u017cszym elementem poszycia w ca\u0142ym autobusie, oraz nie stanowi\u0142a funkcji serwisowych, zast\u0105piono sta\u0142ym elementem,<\/li>\r\n<li>dachow\u0105 obudow\u0119 filtra powietrza poprzez zmniejszenie gabaryt\u00f3w u\u0142atwiono czynno\u015bci obs\u0142ugowe.<\/li>\r\n<\/ul>\r\n\r\n\r\n\r\n<h3 class=\"wp-block-heading\"><strong>Ko\u0144cz\u0105c temat poszycia zewn\u0119trznego, nie mo\u017cna nie wspomnie\u0107 o:<\/strong><\/h3>\r\n<p>\r\n\r\n<\/p>\r\n<ul>\r\n<li>\r\n<p>Lusterkach zewn\u0119trznych w standardzie identycznym jak w modelu Citaro. Jest to milowy krok, bardzo pozytywna zmiana w stosunku do poprzedniego modelu. Poprzednio zamontowane lusterka nie posiada\u0142y funkcji sterowania elektrycznego( w standardzie nie by\u0142y sterowane i funkcja ta wymaga\u0142a dop\u0142aty), dodatkowo cechowa\u0142y si\u0119 bardzo nisk\u0105 klas\u0105 widoczno\u015bci. Pole widoczno\u015bci w prawym lusterku nie zapewnia\u0142o odpowiedniego bezpiecze\u0144stwa. Zaw\u0119\u017cenie pola widzenia by\u0142o szczeg\u00f3lnie odczuwalne podczas wykonywania ostrych skr\u0119t\u00f3w, gdy brakowa\u0142o widoczno\u015bci ko\u0144ca pojazdu, a w szczeg\u00f3lno\u015bci podczas obserwacji strefy przystankowej w czasie wymiany pasa\u017cer\u00f3w. Niejednokrotnie kierowca nie mia\u0142 szans zauwa\u017cy\u0107 osoby zbli\u017caj\u0105cej si\u0119 do pojazdu nawet pod niewielkim k\u0105tem.<\/p>\r\n<\/li>\r\n<\/ul>\r\n\r\n\r\n\r\n<figure class=\"wp-block-image size-large\"><img loading=\"lazy\" decoding=\"async\" class=\"alignnone wp-image-306\" src=\"http:\/\/stmbus.pl\/wp-content\/uploads\/2020\/04\/IMGP1712-1024x685.jpg\" alt=\"Lusterka zewn\u0119trzne\" width=\"1024\" height=\"685\" srcset=\"http:\/\/stmbus.pl\/wp-content\/uploads\/2020\/04\/IMGP1712-1024x685.jpg 1024w, http:\/\/stmbus.pl\/wp-content\/uploads\/2020\/04\/IMGP1712-300x201.jpg 300w, http:\/\/stmbus.pl\/wp-content\/uploads\/2020\/04\/IMGP1712-768x514.jpg 768w, http:\/\/stmbus.pl\/wp-content\/uploads\/2020\/04\/IMGP1712-1536x1028.jpg 1536w, http:\/\/stmbus.pl\/wp-content\/uploads\/2020\/04\/IMGP1712-2048x1371.jpg 2048w, http:\/\/stmbus.pl\/wp-content\/uploads\/2020\/04\/IMGP1712-360x241.jpg 360w\" sizes=\"(max-width: 1024px) 100vw, 1024px\" \/>\r\n<figcaption><strong>Lusterka zewn\u0119trzne<\/strong><\/figcaption>\r\n<\/figure>\r\n\r\n\r\n\r\n<ul>\r\n<li>Nowej klapie rewizyjnej pod kabin\u0105 kierowcy. Skrywa ona zbiornik spr\u0119\u017conego powietrza, kt\u00f3ry zosta\u0142 przeniesiony z wn\u0119trza pojazdu, oraz u\u0142atwia doj\u015bcie do dr\u0105\u017cka poprzecznego pierwszej osi. Uzyskano w ten spos\u00f3b lepszy rozk\u0142ad masy oraz wi\u0119ksz\u0105 dost\u0119pno\u015b\u0107 do podzespo\u0142\u00f3w pod klapami wewn\u0105trz pojazdu.<\/li>\r\n<\/ul>\r\n\r\n\r\n\r\n<figure class=\"wp-block-image size-large\"><img loading=\"lazy\" decoding=\"async\" class=\"alignnone wp-image-208\" src=\"http:\/\/stmbus.pl\/wp-content\/uploads\/2020\/03\/38-1024x685.jpg\" alt=\"Klapa rewizyjna pod oknem kierowcy\" width=\"1024\" height=\"685\" srcset=\"http:\/\/stmbus.pl\/wp-content\/uploads\/2020\/03\/38-1024x685.jpg 1024w, http:\/\/stmbus.pl\/wp-content\/uploads\/2020\/03\/38-300x201.jpg 300w, http:\/\/stmbus.pl\/wp-content\/uploads\/2020\/03\/38-768x514.jpg 768w, http:\/\/stmbus.pl\/wp-content\/uploads\/2020\/03\/38-1536x1028.jpg 1536w, http:\/\/stmbus.pl\/wp-content\/uploads\/2020\/03\/38-2048x1371.jpg 2048w, http:\/\/stmbus.pl\/wp-content\/uploads\/2020\/03\/38-900x602.jpg 900w, http:\/\/stmbus.pl\/wp-content\/uploads\/2020\/03\/38-1280x857.jpg 1280w\" sizes=\"(max-width: 1024px) 100vw, 1024px\" \/>\r\n<figcaption><strong>Klapa rewizyjna pod oknem kierowcy<\/strong><\/figcaption>\r\n<\/figure>\r\n\r\n\r\n\r\n<ul>\r\n<li>\u015awietle kierunkowskazu bocznego w technologii LED. Drobna zmiana a powoduj\u0105ca du\u017c\u0105 korzy\u015b\u0107.<\/li>\r\n<\/ul>\r\n\r\n\r\n\r\n<figure class=\"wp-block-image size-large\"><img loading=\"lazy\" decoding=\"async\" class=\"alignnone wp-image-209\" src=\"http:\/\/stmbus.pl\/wp-content\/uploads\/2020\/03\/1-1024x785.jpg\" alt=\"Kierunkowskaz boczny w technologii LED\" width=\"1024\" height=\"785\" srcset=\"http:\/\/stmbus.pl\/wp-content\/uploads\/2020\/03\/1-1024x785.jpg 1024w, http:\/\/stmbus.pl\/wp-content\/uploads\/2020\/03\/1-300x230.jpg 300w, http:\/\/stmbus.pl\/wp-content\/uploads\/2020\/03\/1-768x589.jpg 768w, http:\/\/stmbus.pl\/wp-content\/uploads\/2020\/03\/1-900x690.jpg 900w, http:\/\/stmbus.pl\/wp-content\/uploads\/2020\/03\/1.jpg 1069w\" sizes=\"(max-width: 1024px) 100vw, 1024px\" \/>\r\n<figcaption><strong>Kierunkowskaz boczny w technologii LED<\/strong><\/figcaption>\r\n<\/figure>\r\n\r\n\r\n\r\n<ul>\r\n<li>Nowych okienkach rewizyjnych do zbiornika oleju nap\u0119du wentylatora oraz wspomagania kierownicy, umiejscowionych nad ch\u0142odnica. W wyniku tego, nie trzeba ju\u017c demontowa\u0107 ca\u0142ej widocznej klapy, w celu sprawdzenia poziomu oleju.<\/li>\r\n<\/ul>\r\n\r\n\r\n\r\n<figure class=\"wp-block-image size-large\"><img loading=\"lazy\" decoding=\"async\" class=\"alignnone wp-image-210\" src=\"http:\/\/stmbus.pl\/wp-content\/uploads\/2020\/03\/43-1024x566.jpg\" alt=\"Okienka rewizyjne zbiornika oleju wentylatora\" width=\"1024\" height=\"566\" srcset=\"http:\/\/stmbus.pl\/wp-content\/uploads\/2020\/03\/43-1024x566.jpg 1024w, http:\/\/stmbus.pl\/wp-content\/uploads\/2020\/03\/43-300x166.jpg 300w, http:\/\/stmbus.pl\/wp-content\/uploads\/2020\/03\/43-768x425.jpg 768w, http:\/\/stmbus.pl\/wp-content\/uploads\/2020\/03\/43-1536x849.jpg 1536w, http:\/\/stmbus.pl\/wp-content\/uploads\/2020\/03\/43-2048x1132.jpg 2048w, http:\/\/stmbus.pl\/wp-content\/uploads\/2020\/03\/43-900x498.jpg 900w, http:\/\/stmbus.pl\/wp-content\/uploads\/2020\/03\/43-1280x708.jpg 1280w\" sizes=\"(max-width: 1024px) 100vw, 1024px\" \/>\r\n<figcaption><strong>Okienka rewizyjne zbiornika oleju wentylatora<\/strong><\/figcaption>\r\n<\/figure>\r\n\r\n\r\n\r\n<ul>\r\n<li>Powrocie gumowych os\u0142on nadkoli. Po odej\u015bciu w 2016 z pomys\u0142u ich monta\u017cu, jeszcze w starym modelu. Dzi\u0119ki temu, znika problem wycierania si\u0119 w procesie codziennego mycia, lakieru na kraw\u0119dziach nadkola. Spos\u00f3b mocowania na wyj\u0105tkowo trwa\u0142ej ta\u015bmie 2-stronnej oraz 2-ch wkr\u0119tach powoduje, i\u017c lakiernicy innych marek autobus\u00f3w, z wielk\u0105 zazdro\u015bci\u0105 spogl\u0105daj\u0105 na ten patent.<\/li>\r\n<\/ul>\r\n\r\n\r\n\r\n<figure class=\"wp-block-image size-large\"><img loading=\"lazy\" decoding=\"async\" class=\"alignnone wp-image-211\" src=\"http:\/\/stmbus.pl\/wp-content\/uploads\/2020\/03\/2-1024x685.jpg\" alt=\"Gumowa os\u0142ona kraw\u0119dzi nadkola\" width=\"1024\" height=\"685\" srcset=\"http:\/\/stmbus.pl\/wp-content\/uploads\/2020\/03\/2-1024x685.jpg 1024w, http:\/\/stmbus.pl\/wp-content\/uploads\/2020\/03\/2-300x201.jpg 300w, http:\/\/stmbus.pl\/wp-content\/uploads\/2020\/03\/2-768x514.jpg 768w, http:\/\/stmbus.pl\/wp-content\/uploads\/2020\/03\/2-1536x1028.jpg 1536w, http:\/\/stmbus.pl\/wp-content\/uploads\/2020\/03\/2-2048x1371.jpg 2048w, http:\/\/stmbus.pl\/wp-content\/uploads\/2020\/03\/2-900x602.jpg 900w, http:\/\/stmbus.pl\/wp-content\/uploads\/2020\/03\/2-1280x857.jpg 1280w\" sizes=\"(max-width: 1024px) 100vw, 1024px\" \/>\r\n<figcaption><strong>Gumowa os\u0142ona kraw\u0119dzi nadkola<\/strong><\/figcaption>\r\n<\/figure>\r\n\r\n\r\n\r\n<ul>\r\n<li>Nowy typ wlewu paliwa. Zosta\u0142 on wyposa\u017cony w dodatkow\u0105 klapk\u0119, zapobiegaj\u0105c\u0105 cofaniu si\u0119 paliwa podczas tankowania. Bardzo pomocna rzecz, zak\u0142adaj\u0105c ,i\u017c codziennie tankujemy nawet do 200 l. paliwa pod korek. W ten spos\u00f3b ograniczamy do minimum zagro\u017cenie cofni\u0119cia si\u0119 paliwa, zw\u0142aszcza gdy u\u017cywamy wysoko wydajnych pistolet\u00f3w.<\/li>\r\n<\/ul>\r\n\r\n\r\n\r\n<figure class=\"wp-block-image size-large\"><img loading=\"lazy\" decoding=\"async\" class=\"alignnone wp-image-222\" src=\"http:\/\/stmbus.pl\/wp-content\/uploads\/2020\/03\/4-1024x685.jpg\" alt=\"Wlew paliwa z klapk\u0105 blokuj\u0105c\u0105\" width=\"1024\" height=\"685\" srcset=\"http:\/\/stmbus.pl\/wp-content\/uploads\/2020\/03\/4-1024x685.jpg 1024w, http:\/\/stmbus.pl\/wp-content\/uploads\/2020\/03\/4-300x201.jpg 300w, http:\/\/stmbus.pl\/wp-content\/uploads\/2020\/03\/4-768x514.jpg 768w, http:\/\/stmbus.pl\/wp-content\/uploads\/2020\/03\/4-1536x1028.jpg 1536w, http:\/\/stmbus.pl\/wp-content\/uploads\/2020\/03\/4-2048x1371.jpg 2048w, http:\/\/stmbus.pl\/wp-content\/uploads\/2020\/03\/4-900x602.jpg 900w, http:\/\/stmbus.pl\/wp-content\/uploads\/2020\/03\/4-1280x857.jpg 1280w\" sizes=\"(max-width: 1024px) 100vw, 1024px\" \/>\r\n<figcaption><strong>Wlew paliwa z klapk\u0105 blokuj\u0105c\u0105<\/strong><\/figcaption>\r\n<\/figure>\r\n\r\n\r\n\r\n<ul>\r\n<li>Odchudzeniu klap bocznych. Nast\u0105pi\u0142a zmiana materia\u0142\u00f3w z kt\u00f3rych wykonane s\u0105 klapy rewizyjne np. klapa pieca, klapa akumulator\u00f3w. S\u0105 one wykonane teraz z tworzywa, nie jak dotychczas z metalu. Walka o ka\u017cdy kilogram na topie. Dodatkow\u0105 zalet\u0105 zmiany materia\u0142u w przypadku klapy akumulator\u00f3w, jest wi\u0119ksza odporno\u015b\u0107 na korozj\u0119 spowodowan\u0105 dzia\u0142aniem ewentualnych gaz\u00f3w pochodz\u0105cych z akumulator\u00f3w.<\/li>\r\n<\/ul>\r\n\r\n\r\n\r\n<figure class=\"wp-block-gallery columns-2 is-cropped wp-block-gallery-1 is-layout-flex wp-block-gallery-is-layout-flex\">\r\n<figure><img loading=\"lazy\" decoding=\"async\" class=\"alignnone wp-image-214\" src=\"http:\/\/stmbus.pl\/wp-content\/uploads\/2020\/03\/20-685x1024.jpg\" alt=\"Klapa akumulator\u00f3w oraz modu\u0142u rekuperacji\" width=\"685\" height=\"1024\" data-id=\"214\" data-full-url=\"http:\/\/stmbus.pl\/wp-content\/uploads\/2020\/03\/20-scaled.jpg\" data-link=\"http:\/\/stmbus.pl\/?attachment_id=214\" srcset=\"http:\/\/stmbus.pl\/wp-content\/uploads\/2020\/03\/20-685x1024.jpg 685w, http:\/\/stmbus.pl\/wp-content\/uploads\/2020\/03\/20-201x300.jpg 201w, http:\/\/stmbus.pl\/wp-content\/uploads\/2020\/03\/20-768x1147.jpg 768w, http:\/\/stmbus.pl\/wp-content\/uploads\/2020\/03\/20-1028x1536.jpg 1028w, http:\/\/stmbus.pl\/wp-content\/uploads\/2020\/03\/20-1371x2048.jpg 1371w, http:\/\/stmbus.pl\/wp-content\/uploads\/2020\/03\/20-900x1344.jpg 900w, http:\/\/stmbus.pl\/wp-content\/uploads\/2020\/03\/20-1280x1912.jpg 1280w, http:\/\/stmbus.pl\/wp-content\/uploads\/2020\/03\/20-scaled.jpg 1714w\" sizes=\"(max-width: 685px) 100vw, 685px\" \/>\r\n<figcaption class=\"blocks-gallery-item__caption\"><strong>Klapa akumulator\u00f3w oraz modu\u0142u rekuperacji<\/strong><\/figcaption>\r\n<\/figure>\r\n<figure><img loading=\"lazy\" decoding=\"async\" class=\"alignnone wp-image-216\" src=\"http:\/\/stmbus.pl\/wp-content\/uploads\/2020\/03\/40-685x1024.jpg\" alt=\"Klapa pieca\" width=\"685\" height=\"1024\" data-id=\"216\" data-full-url=\"http:\/\/stmbus.pl\/wp-content\/uploads\/2020\/03\/40-scaled.jpg\" data-link=\"http:\/\/stmbus.pl\/?attachment_id=216\" srcset=\"http:\/\/stmbus.pl\/wp-content\/uploads\/2020\/03\/40-685x1024.jpg 685w, http:\/\/stmbus.pl\/wp-content\/uploads\/2020\/03\/40-201x300.jpg 201w, http:\/\/stmbus.pl\/wp-content\/uploads\/2020\/03\/40-768x1147.jpg 768w, http:\/\/stmbus.pl\/wp-content\/uploads\/2020\/03\/40-1028x1536.jpg 1028w, http:\/\/stmbus.pl\/wp-content\/uploads\/2020\/03\/40-1371x2048.jpg 1371w, http:\/\/stmbus.pl\/wp-content\/uploads\/2020\/03\/40-900x1344.jpg 900w, http:\/\/stmbus.pl\/wp-content\/uploads\/2020\/03\/40-1280x1912.jpg 1280w, http:\/\/stmbus.pl\/wp-content\/uploads\/2020\/03\/40-scaled.jpg 1714w\" sizes=\"(max-width: 685px) 100vw, 685px\" \/>\r\n<figcaption class=\"blocks-gallery-item__caption\"><strong>Klapa pieca<\/strong><\/figcaption>\r\n<\/figure>\r\n<\/figure>\r\n\r\n\r\n\r\n<h3 class=\"wp-block-heading\">Zabudowa silnika oraz jego osprz\u0119tu to konstrukcja nieznacznie zmieniona do poprzedniego modelu.<\/h3>\r\n\r\n\r\n\r\n<ul>\r\n<li>Ch\u0142odnica powietrza, ch\u0142odnica cieczy oraz ch\u0142odnica oleju nap\u0119du wentylatora. Wydaje si\u0119 na pierwszy rzut oka prawdopodobne powielenie problemu z p\u0119kaniem ch\u0142odnicy ONW z powodu braku elastycznego zamocowania przewodu zasilaj\u0105cego. W poprzedniej konstrukcji by\u0142 to bardzo wra\u017cliwy element, kt\u00f3ry w przypadku nie zadbania o mocowania elastyczne zespo\u0142u ch\u0142odnic, potrafi\u0142 sprawia\u0107 wiele problem\u00f3w. W tym przypadku po demonta\u017cy wspomnianej g\u00f3rnej klapy rewizyjnej zobaczymy dodatkowe elastyczne mocowania, kt\u00f3rych zadaniem jest niwelacja problemu.<\/li>\r\n<\/ul>\r\n\r\n\r\n\r\n<figure class=\"wp-block-image size-large\"><img loading=\"lazy\" decoding=\"async\" class=\"alignnone wp-image-247\" src=\"http:\/\/stmbus.pl\/wp-content\/uploads\/2020\/04\/42-1024x602.jpg\" alt=\"Modu\u0142 ch\u0142odz\u0105cy\" width=\"1024\" height=\"602\" srcset=\"http:\/\/stmbus.pl\/wp-content\/uploads\/2020\/04\/42-1024x602.jpg 1024w, http:\/\/stmbus.pl\/wp-content\/uploads\/2020\/04\/42-300x176.jpg 300w, http:\/\/stmbus.pl\/wp-content\/uploads\/2020\/04\/42-768x452.jpg 768w, http:\/\/stmbus.pl\/wp-content\/uploads\/2020\/04\/42-1536x904.jpg 1536w, http:\/\/stmbus.pl\/wp-content\/uploads\/2020\/04\/42-2048x1205.jpg 2048w, http:\/\/stmbus.pl\/wp-content\/uploads\/2020\/04\/42-360x212.jpg 360w\" sizes=\"(max-width: 1024px) 100vw, 1024px\" \/>\r\n<figcaption><strong>Modu\u0142 ch\u0142odz\u0105cy<\/strong><\/figcaption>\r\n<\/figure>\r\n\r\n\r\n\r\n<p><strong>Zabudowa silnika OM470 oraz modu\u0142u oczyszczania spalin to sprawdzona i znana konstrukcja z poprzedniego modelu. Zmiana umiejscowienia wska\u017anika zabrudzenia filtra powietrza to tylko kosmetyka. Eksploatuj\u0105cy tego typu silniki dobrze znaj\u0105 \u201eprzypad\u0142o\u015bci\u201d tej zabudowy.<\/strong><\/p>\r\n\r\n\r\n\r\n<ul>\r\n<li>rolki uk\u0142adu paskowego \u2013 szybkie zu\u017cywanie \u0142o\u017cysk zw\u0142aszcza z dodatkowym obci\u0105\u017ceniem przenoszonym przez uk\u0142ad rekuperacji,<\/li>\r\n<li>napinacz wahliwy \u2013 powstaj\u0105cy luz na tulejce,<\/li>\r\n<li>ko\u0142o pasowe silnika (t\u0142umik drga\u0144) &#8211; powstaj\u0105ce luzy i przestawienie otwor\u00f3w na \u015bruby mocuj\u0105ce,<\/li>\r\n<li>uszczelnienie kompresora klimatyzacji BOCK \u2013 wycieki przez uszczelnienie, zw\u0142aszcza w sytuacji nie opr\u00f3\u017cniania w\u0119\u017cyka nadmiarowego,<\/li>\r\n<li>awaryjno\u015b\u0107 czujnik\u00f3w systemu oczyszczania spalin oraz konieczno\u015b\u0107 wysokiej dba\u0142o\u015bci o prawid\u0142owy proces regeneracji filtra,<\/li>\r\n<li>du\u017ca sprawno\u015b\u0107 silnika przek\u0142ada si\u0119 na ma\u0142a strat\u0119 cieplna, przez co konieczne jest cz\u0119ste wykorzystanie ogrzewania dodatkowego w celu uzyskania odpowiedniej temperatury pracy,<\/li>\r\n<li>wtryskiwacze paliwa nara\u017cone na uszkodzenia mechaniczne ju\u017c przy stosunkowo niewielkim przebiegu,<\/li>\r\n<li>wra\u017cliwy na zabrudzenia zaw\u00f3r EGR poprzez zapychaj\u0105c\u0105 si\u0119 zw\u0119\u017ck\u0119,<\/li>\r\n<li>konieczno\u015b\u0107 demonta\u017cu silnika w celu wymiany kompresora powietrza, kt\u00f3ry na dodatek cechuje si\u0119 du\u017c\u0105 awaryjno\u015bci\u0105 w kt\u00f3rych odst\u0119pach czasu.<\/li>\r\n<\/ul>\r\n\r\n\r\n\r\n<h3 class=\"wp-block-heading\">D\u0142ugoletni u\u017cytkownicy silnika OM470 Euro 6 360KM mog\u0105 tak\u017ce doceni\u0107 zalety tej konstrukcji:<\/h3>\r\n\r\n\r\n\r\n<ul>\r\n<li>brak wyciek\u00f3w eksploatacyjnych \u2013 zar\u00f3wno oleju silnikowego jak i p\u0142ynu ch\u0142odniczego. Wszystkie po\u0142\u0105czenia gumowe wykonane s\u0105 z \u201eczarnej gumy\u201d,odpornej w przeciwie\u0144stwie do niebieskich w\u0119\u017cy EPDM na p\u0119kanie,<\/li>\r\n<li>wydajny system ch\u0142odzenia silnika, du\u017ca odporno\u015b\u0107 nawet na bardzo wysokie temperatury otoczenia,<\/li>\r\n<li>szczelny uk\u0142ad wydechowy kt\u00f3ry nawet w procesie dopalania filtra DPF, nie powoduje przedostania si\u0119 spalin do wn\u0119trza pojazdu,<\/li>\r\n<li>bardzo dobry poziom wyciszenia jednostki nap\u0119dowej w wykonanej zabudowie,<\/li>\r\n<li>wysoka warto\u015b\u0107 oraz liniowy rozk\u0142ad momentu obrotowego, pozwalaj\u0105cy w kompletacji zw\u0142aszcza ze skrzyni\u0105 bieg\u00f3w Voith Diwa 6, na p\u0142ynne przyspieszanie bez gwa\u0142townych szarpni\u0119\u0107 odbieranych negatywnie przez pasa\u017cer\u00f3w. Dzi\u0119ki mo\u017cliwo\u015bci dostosowania parametr\u00f3w skrzyni bieg\u00f3w poprzez program senso top, silnik mo\u017ce by\u0107 zar\u00f3wno oszcz\u0119dny przy zachowaniu elastyczno\u015bci lub te\u017c bardzo sprawny nawet w przypadku g\u00f3rzystego terenu.<\/li>\r\n<\/ul>\r\n\r\n\r\n\r\n<h3 class=\"wp-block-heading\">W testowanym modelu producent zastosowa\u0142 do\u015b\u0107 interesuj\u0105ce zmiany, kt\u00f3re maja na celu ochron\u0119 u\u017cytkownika przed niekt\u00f3rymi z powy\u017cszych problem\u00f3w:<\/h3>\r\n\r\n\r\n\r\n<ul>\r\n<li>zwi\u0119kszono ci\u015bnienie paliwa z obecnych 2200 do 2700 bar\u00f3w z dodatkowym podwy\u017cszeniem, dzi\u0119ki czemu osi\u0105gni\u0119to widoczn\u0105 redukcje zu\u017cycia paliwa &#8211; o czym w dalszej cz\u0119\u015bci,<\/li>\r\n<li>zlikwidowano czujnik r\u00f3\u017cnicowy zlokalizowany na EGR, przez co likwidacji uleg\u0142a tzw. zw\u0119\u017cka, kt\u00f3ra ulega\u0142a zapychaniu si\u0119 i ograniczeniu mocy silnika,<\/li>\r\n<li>zast\u0105piono turbin\u0119 o zmiennej geometrii z zaworem westgate, turbin\u0105 o sta\u0142ej geometrii, likwiduj\u0105c pole do ewentualnych bardzo kosztownych uszkodze\u0144, \u0142\u0105cznie z ca\u0142ym silnikiem. Od teraz turbina sterowana jest z zaworu EGR &#8211; rozwi\u0105zanie to zosta\u0142o obj\u0119te patentem Daimlera,<\/li>\r\n<li>zmieniono spos\u00f3b zarz\u0105dzania recyrkulacj\u0105 spalin silnika. Od tej pory zamiast zaworu recyrkulacji spalin, odpowiada za to zestaw czujnik\u00f3w temperatury kt\u00f3ry, steruje dawk\u0105 mieszania si\u0119 gor\u0105cego i zimnego powietrza. Zaw\u00f3r ten wielokrotnie powodowa\u0142 liczne problemy techniczne,<\/li>\r\n<li>do momentu uzyskania przez silnik temperatury p\u0142ynu ch\u0142odz\u0105cego co najmniej warto\u015bci 70 stopni C, aktywny jest program g\u00f3rski-mocowy, skrzyni bieg\u00f3w. Powoduje to zmian\u0119 bieg\u00f3w przy wysokich obrotach silnika i dost\u0119pno\u015b\u0107 du\u017cej mocy. Po osi\u0105gni\u0119ciu temperatury 70 stopni, program automatycznie prze\u0142\u0105cza si\u0119 na wcze\u015bniej zaprogramowany w pami\u0119ci sterownika np.: senso-top 20%. Nawet w trakcie jazdy na linii w przy spadku temperatury silnika, program automatycznie mo\u017ce wr\u00f3ci\u0107 do trybu dogrzewania,<\/li>\r\n<li>po uruchomieniu silnika i w przypadku temperatury silnika poni\u017cej 70 stopni automatycznie za\u0142\u0105czony zostanie piec ogrzewania dodatkowego,<\/li>\r\n<li>zrezygnowano z opcji wy\u0142\u0105czenia pompki obiegowej p\u0142ynu ch\u0142odz\u0105cego na postoju bez w\u0142\u0105czonego pieca ogrzewania dodatkowego,<\/li>\r\n<li>poprawiono jeszcze bardziej wyciszenie jednostki nap\u0119dowej, przez co przy normalnej je\u017adzie jednostka jest w\u0142a\u015bciwie nies\u0142yszalna, przez co obserwacja obrotomierza staje si\u0119 jedyn\u0105 form\u0105 &#8222;wyczucia&#8221; silnika.<\/li>\r\n<\/ul>\r\n\r\n\r\n\r\n<h3 class=\"wp-block-heading\">Tak\u017ce dla ekonomist\u00f3w oraz kierowc\u00f3w znaj\u0105cych wi\u0119cej ni\u017c dwa po\u0142o\u017cenia peda\u0142u gazu, konstruktorzy nowego Mercedes Conecto co\u015b przygotowali:<\/h3>\r\n\r\n\r\n\r\n<ul>\r\n<li>silnik we wsp\u00f3\u0142pracy ze skrzyni\u0105 bieg\u00f3w, jeszcze ch\u0119tniej ni\u017c dotychczas zmienia prze\u0142o\u017cenia na wy\u017csze przy ni\u017cszych obrotach, jednocze\u015bnie przy osi\u0105ganiu wy\u017cszych pr\u0119dko\u015bci \u015brednich o ok. 1,5-2 km\/h, na tych samych trasach. Dzi\u0119ki temu mo\u017cliwa jest dalsza redukcja spalania, przy pozostawieniu dynamiki i dost\u0119pno\u015bci mocy.<\/li>\r\n<\/ul>\r\n\r\n\r\n\r\n<p>Dla os\u00f3b kt\u00f3re w\u0142a\u015bnie w tym momencie pr\u00f3buj\u0105 &#8222;prze\u0142\u0105czy\u0107 kana\u0142&#8221;, musimy uspokoi\u0107, i\u017c tak\u017ce na liniach aglomeracyjnych lub g\u00f3rzystym terenie, sprawuje si\u0119 nadzwyczaj dobrze. Silnik pozwala na utrzymanie sta\u0142ej pr\u0119dko\u015bci przelotowej, tam gdzie nawet ci\u0119\u017car\u00f3wki maja du\u017cy problem z zadana pr\u0119dko\u015bci\u0105.<\/p>\r\n\r\n\r\n\r\n<p><strong>Przejd\u017amy teraz do zagadnienia, kt\u00f3re nurtuje wielu w\u0142a\u015bcicieli oraz manager\u00f3w, zw\u0142aszcza prywatnych operator\u00f3w. Jest zapotrzebowanie pojazdu na paliwo. Z przeprowadzonych test\u00f3w nale\u017cy przyj\u0105\u0107, i\u017c przedstawionych warunkach, wyniki poni\u017cej przedstawione s\u0105 mo\u017cliwe do osi\u0105gni\u0119cia:<\/strong><\/p>\r\n\r\n\r\n\r\n<ul>\r\n<li>okres przej\u015bciowych temperatur bez u\u017cycia klimatyzacji, oraz z u\u017cyciem pieca ogrzewania dodatkowego,<\/li>\r\n<li>linie miejskie o du\u017cym potoku pasa\u017cerskim w terenie p\u0142askim,<\/li>\r\n<li>autobus bez sta\u0142ej obsady kierowc\u00f3w.<\/li>\r\n<\/ul>\r\n\r\n\r\n\r\n<p><strong>Rozk\u0142ad weekendowy: \u015brednio 40-42l\/100 km<\/strong><\/p>\r\n<p><strong>\r\n\r\n<\/strong><\/p>\r\n<p><strong>Rozk\u0142ad powszedni: \u015brednio 45-47l\/100 km<\/strong><\/p>\r\n<p>\r\n\r\n<\/p>\r\n<p><strong>To ju\u017c chyba wszystkie najwa\u017cniejsze zmiany oraz cechy charakterystyczne nowego Mercedes Conecto, je\u015bli chodzi o poszycie zewn\u0119trzne oraz uk\u0142ad nap\u0119dowy. Na pewno do tematu wra\u017ce\u0144 z jazdy oraz szczeg\u00f3\u0142\u00f3w z niego wynikaj\u0105cych, wr\u00f3cimy w najbli\u017cszych akapitach. Om\u00f3wimy w nich szerzej mi\u0119dzy innymi zmiany w:<\/strong><\/p>\r\n\r\n\r\n\r\n<ul>\r\n<li>zawieszeniu pojazdu,<\/li>\r\n<li>wyposa\u017ceniu wn\u0119trza,<\/li>\r\n<li>zabudowie wn\u0119trza.<\/li>\r\n<\/ul>\r\n\r\n\r\n\r\n<p>Je\u015bli nie macie jeszcze do\u015b\u0107 \u201enaszego\u201d Mercedesa, zapraszamy na cz\u0119\u015b\u0107 dla pasa\u017cera oraz kierowcy, gdzie tak\u017ce nast\u0105pi\u0142o sporo istotnych zmian.<\/p>\r\n\r\n\r\n\r\n<p><strong>Zacznijmy wi\u0119c od wn\u0119trza dla pasa\u017cera. Tutaj zasz\u0142o stosunkowo najmniej zmian. Osoba podr\u00f3\u017cuj\u0105ca &#8222;starym&#8221; oraz &#8222;nowym&#8221; Mercedes Conecto nie odczuje r\u00f3\u017cnicy. Zabudowa wn\u0119trza jest wr\u0119cz identyczna i zaraz po wej\u015bciu wiadome ,\u017ce to Mercedes.\u00a0<\/strong><\/p>\r\n\r\n\r\n\r\n<p>Na pod\u0142odze pojazdu mo\u017cemy zobaczy\u0107 standardow\u0105 wyk\u0142adzin\u0119 antypo\u015blizgow\u0105, po\u0142\u0105czon\u0105 ze sob\u0105 za pomoc\u0105 spoiny elastycznej, k\u0142adzionej na gor\u0105co. Pewn\u0105 nowo\u015bci\u0105 jest materia\u0142 zastosowany mi\u0119dzy innymi na:<\/p>\r\n\r\n\r\n\r\n<ul>\r\n<li>nadkolach,<\/li>\r\n<li>powierzchniach przypod\u0142ogowych,<\/li>\r\n<li>strefie przy drzwiach oraz w kabinie kierowcy.<\/li>\r\n<\/ul>\r\n\r\n\r\n\r\n<figure class=\"wp-block-image size-large\"><img loading=\"lazy\" decoding=\"async\" class=\"alignnone wp-image-271\" src=\"http:\/\/stmbus.pl\/wp-content\/uploads\/2020\/04\/24-1024x691.jpg\" alt=\"Materia\u0142 wyko\u0144czenia wn\u0119trza\" width=\"1024\" height=\"691\" srcset=\"http:\/\/stmbus.pl\/wp-content\/uploads\/2020\/04\/24-1024x691.jpg 1024w, http:\/\/stmbus.pl\/wp-content\/uploads\/2020\/04\/24-300x202.jpg 300w, http:\/\/stmbus.pl\/wp-content\/uploads\/2020\/04\/24-768x518.jpg 768w, http:\/\/stmbus.pl\/wp-content\/uploads\/2020\/04\/24-1536x1037.jpg 1536w, http:\/\/stmbus.pl\/wp-content\/uploads\/2020\/04\/24-2048x1382.jpg 2048w, http:\/\/stmbus.pl\/wp-content\/uploads\/2020\/04\/24-360x243.jpg 360w\" sizes=\"(max-width: 1024px) 100vw, 1024px\" \/>\r\n<figcaption><strong>Materia\u0142 wyko\u0144czenia wn\u0119trza<\/strong><\/figcaption>\r\n<\/figure>\r\n\r\n\r\n\r\n<p>Jest on bardzo podobny do zastosowanej w poprzednim modelu, lecz cytuj\u0105c klasyka &#8222;prawie robi wielk\u0105 r\u00f3\u017cnic\u0119&#8221;. Materia\u0142 wykonany natryskowo ma chropowat\u0105 struktur\u0119. Ju\u017c po miesi\u0105cu eksploatacji mo\u017cna stwierdzi\u0107 \u015bmia\u0142o ,i\u017c jest on bardzo trudny w utrzymaniu w czysto\u015bci.\u00a0<\/p>\r\n\r\n\r\n\r\n<p>Bardzo podobne wnioski mo\u017cna wyci\u0105gn\u0105\u0107 z kolejnej wykonanej zmiany, rodzaju materia\u0142\u00f3w poszycia wewn\u0119trznego na \u015bcianach bocznych. Jest to kolejny krok w celu unifikacji zastosowanych rozwi\u0105za\u0144 wewn\u0105trz koncernu, produkuj\u0105cego r\u00f3\u017cne modele autobus\u00f3w. Identyczne rozwi\u0105zania z zastosowaniem paneli z tworzywa sztucznego, mo\u017cna spotka\u0107 w Mercedesie Citaro.\u00a0<\/p>\r\n\r\n\r\n\r\n<figure class=\"wp-block-image size-large\"><img loading=\"lazy\" decoding=\"async\" class=\"alignnone wp-image-272\" src=\"http:\/\/stmbus.pl\/wp-content\/uploads\/2020\/04\/22-1024x661.jpg\" alt=\"Poszycie wewn\u0119trzne panelowe, \u015bcian bocznych\" width=\"1024\" height=\"661\" srcset=\"http:\/\/stmbus.pl\/wp-content\/uploads\/2020\/04\/22-1024x661.jpg 1024w, http:\/\/stmbus.pl\/wp-content\/uploads\/2020\/04\/22-300x194.jpg 300w, http:\/\/stmbus.pl\/wp-content\/uploads\/2020\/04\/22-768x495.jpg 768w, http:\/\/stmbus.pl\/wp-content\/uploads\/2020\/04\/22-1536x991.jpg 1536w, http:\/\/stmbus.pl\/wp-content\/uploads\/2020\/04\/22-2048x1321.jpg 2048w, http:\/\/stmbus.pl\/wp-content\/uploads\/2020\/04\/22-360x232.jpg 360w\" sizes=\"(max-width: 1024px) 100vw, 1024px\" \/>\r\n<figcaption><strong>Poszycie wewn\u0119trzne panelowe, \u015bcian bocznych<\/strong><\/figcaption>\r\n<\/figure>\r\n\r\n\r\n\r\n<p><strong>Za plus do poprzedniej wersji gdzie wykorzystano p\u0142yty \u015bcienne w okleinie, jest:<\/strong><\/p>\r\n\r\n\r\n\r\n<ul>\r\n<li>odporno\u015b\u0107 na wilgo\u0107,\u00a0 w poprzedniej wersji powodowa\u0142a odklejanie si\u0119 okleiny i konieczno\u015b\u0107 wymiany ca\u0142ego elementu poszycia,<\/li>\r\n<li>\u00a0zwi\u0119kszona odporno\u015b\u0107 na uszkodzenia mechaniczne, w poprzedniej wersji w przypadku uszkodzenia, tworzy\u0142y si\u0119 bardzo ostre kraw\u0119dzie.<\/li>\r\n<\/ul>\r\n\r\n\r\n\r\n<p>Tak jak ju\u017c wspomnieli\u015bmy wcze\u015bniej, wad\u0105 tego zastosowania jest niew\u0105tpliwie chropowata powierzchnia materia\u0142u oraz jego \u0142atwo\u015b\u0107 w absorbcji zabrudze\u0144. Konieczne si\u0119 staje cz\u0119stsze wykonywanie kompleksowego doczyszczania ww. element\u00f3w.\u00a0<\/p>\r\n\r\n\r\n\r\n<p>Przy okazji om\u00f3wienia zmian w wykonaniu poszycia wewn\u0119trznego oraz laminat\u00f3w, nale\u017cy wspomnie\u0107 o zmianie sposobu zabudowy tuneli ogrzewania pod\u0142ogowego.<\/p>\r\n\r\n\r\n\r\n<p>W poprzedniej wersji tunele ogrzewania by\u0142y w pe\u0142nej zabudowie. Oznacza\u0142o to d\u0142ugie tunele na \u015bcianach bocznych, kt\u00f3re by\u0142y szczeg\u00f3lnie lubiane przez pasa\u017cer\u00f3w opieraj\u0105cych na nich buty.<\/p>\r\n\r\n\r\n\r\n<figure class=\"wp-block-image size-large\"><img loading=\"lazy\" decoding=\"async\" class=\"alignnone wp-image-273\" src=\"http:\/\/stmbus.pl\/wp-content\/uploads\/2020\/04\/23-1024x690.jpg\" alt=\"Zabudowa ogrzewania pod\u0142ogowego\" width=\"1024\" height=\"690\" srcset=\"http:\/\/stmbus.pl\/wp-content\/uploads\/2020\/04\/23-1024x690.jpg 1024w, http:\/\/stmbus.pl\/wp-content\/uploads\/2020\/04\/23-300x202.jpg 300w, http:\/\/stmbus.pl\/wp-content\/uploads\/2020\/04\/23-768x517.jpg 768w, http:\/\/stmbus.pl\/wp-content\/uploads\/2020\/04\/23-1536x1034.jpg 1536w, http:\/\/stmbus.pl\/wp-content\/uploads\/2020\/04\/23-2048x1379.jpg 2048w, http:\/\/stmbus.pl\/wp-content\/uploads\/2020\/04\/23-360x242.jpg 360w\" sizes=\"(max-width: 1024px) 100vw, 1024px\" \/>\r\n<figcaption><strong>Zabudowa ogrzewania pod\u0142ogowego<\/strong><\/figcaption>\r\n<\/figure>\r\n\r\n\r\n\r\n<p>Z czasem metalowe obudowy traci\u0142y mocno na estetyce ze wzgl\u0119du na wycieranie si\u0119 powierzchni lakierowanych oraz na uszkodzenia mechaniczne. Dodatkowym problemem by\u0142o przedostawanie si\u0119 zanieczyszcze\u0144 do wn\u0119trza, przez co konieczne by\u0142o cz\u0119ste czyszczenie powierzchni ch\u0142odniczek nagrzewnic oraz silnik\u00f3w. W przeciwnym przypadku dochodzi\u0142o do zatarcia silnika nagrzewnicy oraz os\u0142abienia si\u0142y grzania przez brak przep\u0142ywu powierzchnia przez ch\u0142odniczke. Dlatego te\u017c ze wzgl\u0119d\u00f3w funkcjonalnych jest to zmiana na plus.<\/p>\r\n\r\n\r\n\r\n<p><strong>Niestety w obecnym wykonaniu, zw\u0142aszcza na drugim biegu ogrzewania jest ono wyra\u017anie g\u0142o\u015bniejsze ni\u017c w poprzedniej wersji. Mo\u017ce to wynika\u0107, ze wzgl\u0119du na zmniejszon\u0105 powierzchnie tuneli, kt\u00f3re nie mog\u0105 ju\u017c tak dobrze wyt\u0142umi\u0107 odg\u0142osu silnika nagrzewnicy.<\/strong><\/p>\r\n<p>\r\n\r\n<\/p>\r\n<p>Nale\u017cy tak\u017ce wspomnie\u0107 o du\u017cej przewadze zastosowania nagrzewnic w panelach \u015bciennych, gdzie ciep\u0142e powietrze wydmuchiwane jest na pod\u0142og\u0119. Przewag\u0119 tego rozwi\u0105zania wida\u0107 szczeg\u00f3lnie podczas \u015bnie\u017cnej lub deszczowej aury. Pod\u0142oga bardzo szybko wysycha i jest du\u017co bezpieczniejsza dla pasa\u017cer\u00f3w. Ciep\u0142e powietrze tak\u017ce du\u017co bardziej r\u00f3wnomiernie jest rozprowadzane po poje\u017adzie.<\/p>\r\n<p>\r\n\r\n<\/p>\r\n<p>Omawiaj\u0105c zmiany we wn\u0119trzu pojazdu nale\u017cy wspomnie\u0107 tak\u017ce o nowej konstrukcji klap serwisowych bocznych. S\u0105 one od teraz wi\u0119ksze, przez co likwidacji uleg\u0142a metalowa konstrukcja, kt\u00f3ra s\u0142u\u017cy\u0142a jako miejsce zamkni\u0119cia zamk\u00f3w klap. Nale\u017cy podkre\u015bli\u0107 ,i\u017c w poprzednim rozwi\u0105zaniu standardem zamkni\u0119cia klap by\u0142y \u015bruby. Dopiero na wyra\u017ane \u017cyczenie klienta, spos\u00f3b zamkni\u0119cia m\u00f3g\u0142 by\u0107 zmieniony na popularne zamki na kwadrat.<\/p>\r\n\r\n\r\n\r\n<figure class=\"wp-block-image size-large\"><img loading=\"lazy\" decoding=\"async\" class=\"alignnone wp-image-274\" src=\"http:\/\/stmbus.pl\/wp-content\/uploads\/2020\/04\/21-688x1024.jpg\" alt=\"Pe\u0142na klapa sufitowa\" width=\"688\" height=\"1024\" srcset=\"http:\/\/stmbus.pl\/wp-content\/uploads\/2020\/04\/21-688x1024.jpg 688w, http:\/\/stmbus.pl\/wp-content\/uploads\/2020\/04\/21-202x300.jpg 202w, http:\/\/stmbus.pl\/wp-content\/uploads\/2020\/04\/21-768x1143.jpg 768w, http:\/\/stmbus.pl\/wp-content\/uploads\/2020\/04\/21-1032x1536.jpg 1032w, http:\/\/stmbus.pl\/wp-content\/uploads\/2020\/04\/21-1376x2048.jpg 1376w, http:\/\/stmbus.pl\/wp-content\/uploads\/2020\/04\/21-302x450.jpg 302w, http:\/\/stmbus.pl\/wp-content\/uploads\/2020\/04\/21-scaled.jpg 1720w\" sizes=\"(max-width: 688px) 100vw, 688px\" \/>\r\n<figcaption><strong>Pe\u0142na klapa sufitowa<\/strong><\/figcaption>\r\n<\/figure>\r\n\r\n\r\n\r\n<p>Zalet\u0105 nowego rozwi\u0105zania jest likwidacja metalowej konstrukcji kt\u00f3ra, uleg\u0142a uszkodzeniu w przypadku wytworzenia si\u0119 luzu pomi\u0119dzy klap\u0105, a mocowaniem. Wymiana jej by\u0142a bardzo kosztowana oraz problematyczna.\u00a0<\/p>\r\n\r\n\r\n\r\n<figure class=\"wp-block-image size-large\"><img loading=\"lazy\" decoding=\"async\" class=\"alignnone wp-image-275\" src=\"http:\/\/stmbus.pl\/wp-content\/uploads\/2020\/04\/27-1024x805.jpg\" alt=\"Klapa sufitowa ze zmienionym zamkiem na kwadrat\" width=\"1024\" height=\"805\" srcset=\"http:\/\/stmbus.pl\/wp-content\/uploads\/2020\/04\/27-1024x805.jpg 1024w, http:\/\/stmbus.pl\/wp-content\/uploads\/2020\/04\/27-300x236.jpg 300w, http:\/\/stmbus.pl\/wp-content\/uploads\/2020\/04\/27-768x604.jpg 768w, http:\/\/stmbus.pl\/wp-content\/uploads\/2020\/04\/27-1536x1208.jpg 1536w, http:\/\/stmbus.pl\/wp-content\/uploads\/2020\/04\/27-2048x1611.jpg 2048w, http:\/\/stmbus.pl\/wp-content\/uploads\/2020\/04\/27-360x283.jpg 360w\" sizes=\"(max-width: 1024px) 100vw, 1024px\" \/>\r\n<figcaption><strong>Klapa sufitowa ze zmienionym zamkiem na kwadrat<\/strong><\/figcaption>\r\n<\/figure>\r\n\r\n\r\n\r\n<figure class=\"wp-block-image size-large\"><img loading=\"lazy\" decoding=\"async\" class=\"alignnone wp-image-276\" src=\"http:\/\/stmbus.pl\/wp-content\/uploads\/2020\/04\/28-1024x686.jpg\" alt=\"Nowa zabudowa czujnika temperatury w dachu\" width=\"1024\" height=\"686\" srcset=\"http:\/\/stmbus.pl\/wp-content\/uploads\/2020\/04\/28-1024x686.jpg 1024w, http:\/\/stmbus.pl\/wp-content\/uploads\/2020\/04\/28-300x201.jpg 300w, http:\/\/stmbus.pl\/wp-content\/uploads\/2020\/04\/28-768x514.jpg 768w, http:\/\/stmbus.pl\/wp-content\/uploads\/2020\/04\/28-1536x1028.jpg 1536w, http:\/\/stmbus.pl\/wp-content\/uploads\/2020\/04\/28-2048x1371.jpg 2048w, http:\/\/stmbus.pl\/wp-content\/uploads\/2020\/04\/28-360x241.jpg 360w\" sizes=\"(max-width: 1024px) 100vw, 1024px\" \/>\r\n<figcaption><strong>Nowa zabudowa czujnika temperatury w dachu<\/strong><\/figcaption>\r\n<\/figure>\r\n\r\n\r\n\r\n<p><strong>Czy to ju\u017c koniec zmian we wn\u0119trzu? By\u0142oby to zbyt proste:<\/strong><\/p>\r\n\r\n\r\n\r\n<ul>\r\n<li>Nowy typ o\u015bwietlenia wn\u0119trza. Zast\u0105pienie dw\u00f3ch r\u00f3\u017cnych d\u0142ugo\u015bci zespolonych z g\u0142o\u015bnikami wn\u0119trza, lamp sufitowych ze zwyk\u0142ymi \u015bwietl\u00f3wkami jarzeniowymi. Zast\u0105piono je \u015bwietl\u00f3wkami w technologii LED. Wszystkie lampy s\u0105 tych samych wymiar\u00f3w oraz g\u0142o\u015bniki wn\u0119trza zosta\u0142y przeniesione do osobnych obud\u00f3w,<\/li>\r\n<li>Tylna obudowa kabiny kierowcy wykonana z szarego tworzywa. Zast\u0105piono przyciemnion\u0105 p\u00f3\u0142 prze\u017aroczyst\u0105,<\/li>\r\n<li>Brak tunelu poprzecznego nad wej\u015bciem pierwszymi drzwiami z urz\u0105dzeniami elektronicznymi.<\/li>\r\n<\/ul>\r\n\r\n\r\n\r\n<figure class=\"wp-block-image size-large\"><img loading=\"lazy\" decoding=\"async\" class=\"alignnone wp-image-277\" src=\"http:\/\/stmbus.pl\/wp-content\/uploads\/2020\/04\/18-685x1024.jpg\" alt=\"Lampa sufitowa, obudowa kabiny kierowcy, brak tunelu poprzecznego przy 1 drzwiach\" width=\"685\" height=\"1024\" srcset=\"http:\/\/stmbus.pl\/wp-content\/uploads\/2020\/04\/18-685x1024.jpg 685w, http:\/\/stmbus.pl\/wp-content\/uploads\/2020\/04\/18-201x300.jpg 201w, http:\/\/stmbus.pl\/wp-content\/uploads\/2020\/04\/18-768x1147.jpg 768w, http:\/\/stmbus.pl\/wp-content\/uploads\/2020\/04\/18-1028x1536.jpg 1028w, http:\/\/stmbus.pl\/wp-content\/uploads\/2020\/04\/18-1371x2048.jpg 1371w, http:\/\/stmbus.pl\/wp-content\/uploads\/2020\/04\/18-301x450.jpg 301w, http:\/\/stmbus.pl\/wp-content\/uploads\/2020\/04\/18-scaled.jpg 1714w\" sizes=\"(max-width: 685px) 100vw, 685px\" \/>\r\n<figcaption><strong>Lampa sufitowa, obudowa kabiny kierowcy, brak tunelu poprzecznego przy 1 drzwiach<\/strong><\/figcaption>\r\n<\/figure>\r\n\r\n\r\n\r\n<p>Je\u015bli ju\u017c poruszyli\u015bmy kwestie zmian konstrukcyjnych pojazdu, wymuszonych przez elektronik\u0119, nie mo\u017cna nie wspomnie\u0107 o bardzo istotnej r\u00f3\u017cnicy. Obecny system sterowania podzespo\u0142ami pojazdu zosta\u0142 oparty na modu\u0142ach MUX. W poprzednim modelu Mercedes Conecto by\u0142y to modu\u0142y FPS. Programowalne modu\u0142y zarz\u0105dzania podstawowymi funkcjami pojazdu jak: drzwi, ogrzewanie\/klimatyzacja, o\u015bwietlenie. Podstawow\u0105 wad\u0105 tego rozwi\u0105zania by\u0142y koszty ewentualnej wymiany modu\u0142u, w przypadku jego uszkodzenia. Uszkodzenia polega\u0142y najcz\u0119\u015bciej na wypaleniu si\u0119 jednego z u\u017cywanych z\u0142\u0105czy. Koszt jednego modu\u0142u to oko\u0142o 7 tys. z\u0142otych. W celu odtworzenia oprogramowania, mo\u017cna by\u0142o skorzysta\u0107 z oprogramowania komputerowego lub zdecydowanie ta\u0144szego rozwi\u0105zania w postaci zewn\u0119trznego narz\u0119dzia tzw. &#8222;samo-uzdrawiacza&#8221;. Jest to zewn\u0119trzne urz\u0105dzenie, kt\u00f3re programowa\u0142o na nowo modu\u0142y. Wykorzystywa\u0142o ono przechowywane w pami\u0119ci wewn\u0119trznej modu\u0142\u00f3w tzw. wzajemny backup pozosta\u0142ych modu\u0142\u00f3w.<\/p>\r\n\r\n\r\n\r\n<figure class=\"wp-block-image size-large\"><img loading=\"lazy\" decoding=\"async\" class=\"alignnone wp-image-278\" src=\"http:\/\/stmbus.pl\/wp-content\/uploads\/2020\/04\/29-1024x685.jpg\" alt=\"Modu\u0142y MUX\" width=\"1024\" height=\"685\" srcset=\"http:\/\/stmbus.pl\/wp-content\/uploads\/2020\/04\/29-1024x685.jpg 1024w, http:\/\/stmbus.pl\/wp-content\/uploads\/2020\/04\/29-300x201.jpg 300w, http:\/\/stmbus.pl\/wp-content\/uploads\/2020\/04\/29-768x514.jpg 768w, http:\/\/stmbus.pl\/wp-content\/uploads\/2020\/04\/29-1536x1028.jpg 1536w, http:\/\/stmbus.pl\/wp-content\/uploads\/2020\/04\/29-2048x1371.jpg 2048w, http:\/\/stmbus.pl\/wp-content\/uploads\/2020\/04\/29-360x241.jpg 360w\" sizes=\"(max-width: 1024px) 100vw, 1024px\" \/>\r\n<figcaption><strong>Modu\u0142y MUX<\/strong><\/figcaption>\r\n<\/figure>\r\n\r\n\r\n\r\n<p>W nowym Mercedes Conecto konstruktorzy postawili na nowe, lecz znane ju\u017c od wielu lat rozwi\u0105zanie oparte na MUXach. Podstawow\u0105 zalet\u0105 s\u0105 zmniejszone koszty ew. wymiany oraz mo\u017cliwo\u015b\u0107 prze\u0142o\u017cenia modu\u0142\u00f3w mi\u0119dzy sob\u0105. Koszt nowego modu\u0142u to 1\/2 kosztu modu\u0142u FPS. Dodatkowo ze wzgl\u0119du na zwi\u0119kszon\u0105 ilo\u015b\u0107 wyj\u015b\u0107 w modu\u0142ach MUX, mo\u017cliwe jest ograniczenie ilo\u015bci elektroniki. Przyk\u0142adowo pi\u0119\u0107 sztuk FPS mo\u017cna zast\u0105pi\u0107 czterema sztukami MUX.<\/p>\r\n\r\n\r\n\r\n<p>To nie koniec zmian jakie nast\u0105pi\u0142y w nowym Conecto. Zanim om\u00f3wimy szerzej kabin\u0119 kierowcy oraz jej funkcjonalno\u015b\u0107, zmiana ukryta lecz bardzo pomocna.<\/p>\r\n\r\n\r\n\r\n<figure class=\"wp-block-image size-large\"><img loading=\"lazy\" decoding=\"async\" class=\"alignnone wp-image-279\" src=\"http:\/\/stmbus.pl\/wp-content\/uploads\/2020\/04\/IMGP1676-1024x685.jpg\" alt=\"Pulpit kierowcy, programowalne klawisze\" width=\"1024\" height=\"685\" srcset=\"http:\/\/stmbus.pl\/wp-content\/uploads\/2020\/04\/IMGP1676-1024x685.jpg 1024w, http:\/\/stmbus.pl\/wp-content\/uploads\/2020\/04\/IMGP1676-300x201.jpg 300w, http:\/\/stmbus.pl\/wp-content\/uploads\/2020\/04\/IMGP1676-768x514.jpg 768w, http:\/\/stmbus.pl\/wp-content\/uploads\/2020\/04\/IMGP1676-1536x1028.jpg 1536w, http:\/\/stmbus.pl\/wp-content\/uploads\/2020\/04\/IMGP1676-2048x1371.jpg 2048w, http:\/\/stmbus.pl\/wp-content\/uploads\/2020\/04\/IMGP1676-360x241.jpg 360w\" sizes=\"(max-width: 1024px) 100vw, 1024px\" \/>\r\n<figcaption>Pulpit kierowcy, programowalne klawisze<\/figcaption>\r\n<\/figure>\r\n\r\n\r\n\r\n<p>Wszystkie klawisze funkcyjne na pulpicie kierowcy jak np.\u00a0hamulec przystankowy, aktywacja automatycznego sterowania drzwi, s\u0105 programowalne. Oznacza to nie mniej i nie wi\u0119cej, i\u017c mo\u017cna je swobodnie przek\u0142ada\u0107, w dowolnie wybrane miejsce na pulpicie. Po zamianie przycisk automatycznie ulegnie zaprogramowaniu oraz zachowa sw\u0105 funkcj\u0119. W ten spos\u00f3b bez zmiany instalacji elektrycznej, mo\u017cemy idealnie zoptymalizowa\u0107 funkcjonalno\u015b\u0107 pulpitu kierowcy.\u00a0<\/p>\r\n<p>\r\n\r\n<\/p>\r\n<p><strong>Je\u015bli dotarli\u015bcie do tego miejsca naszego obszernego testu, to znaczy ,\u017ce przed nami jeszcze centrum sterowania tym kolosem na ko\u0142ach. Nawet najlepszy pojazd bez kierowcy (jak na razie) nie da rady spe\u0142ni\u0107 swojej funkcji przewozowej. By odbywa\u0142o si\u0119 to bezpiecznie i komfortowo dla pasa\u017cer\u00f3w, opr\u00f3cz dopasowania licznie przedstawionych wcze\u015bniej podzespo\u0142\u00f3w technicznych, koniecznym jest stworzenie przestrzeni dla pracy kierowcy.<\/strong><\/p>\r\n\r\n\r\n\r\n<ul>\r\n<li>zabudowa kabiny kierowcy,\u00a0<\/li>\r\n<li>zabudowa miejsca pracy kierowcy,<\/li>\r\n<li>pulpit kierowcy oraz jego funkcjonalno\u015b\u0107,<\/li>\r\n<li>fotel kierowcy oraz jego ergonomia,<\/li>\r\n<li>ogrzewanie oraz klimatyzacja i jej wydajno\u015b\u0107.<\/li>\r\n<\/ul>\r\n\r\n\r\n\r\n<figure class=\"wp-block-gallery columns-2 is-cropped wp-block-gallery-2 is-layout-flex wp-block-gallery-is-layout-flex\">\r\n<figure><img loading=\"lazy\" decoding=\"async\" class=\"alignnone wp-image-280\" src=\"http:\/\/stmbus.pl\/wp-content\/uploads\/2020\/04\/17.jpg\" alt=\"Pe\u0142na zabudowa kierowcy\" width=\"2560\" height=\"1660\" data-id=\"280\" data-link=\"http:\/\/stmbus.pl\/?attachment_id=280\" srcset=\"http:\/\/stmbus.pl\/wp-content\/uploads\/2020\/04\/17.jpg 2560w, http:\/\/stmbus.pl\/wp-content\/uploads\/2020\/04\/17-300x195.jpg 300w, http:\/\/stmbus.pl\/wp-content\/uploads\/2020\/04\/17-1024x664.jpg 1024w, http:\/\/stmbus.pl\/wp-content\/uploads\/2020\/04\/17-768x498.jpg 768w, http:\/\/stmbus.pl\/wp-content\/uploads\/2020\/04\/17-1536x996.jpg 1536w, http:\/\/stmbus.pl\/wp-content\/uploads\/2020\/04\/17-2048x1328.jpg 2048w, http:\/\/stmbus.pl\/wp-content\/uploads\/2020\/04\/17-360x233.jpg 360w\" sizes=\"(max-width: 2560px) 100vw, 2560px\" \/>\r\n<figcaption class=\"blocks-gallery-item__caption\"><strong>Pe\u0142na zabudowa kierowcy<\/strong><\/figcaption>\r\n<\/figure>\r\n<figure><img loading=\"lazy\" decoding=\"async\" class=\"alignnone wp-image-281\" src=\"http:\/\/stmbus.pl\/wp-content\/uploads\/2020\/04\/16-scaled.jpg\" alt=\"Wzmocnienie nad 1 drzwiami\" width=\"2560\" height=\"1714\" data-id=\"281\" data-link=\"http:\/\/stmbus.pl\/?attachment_id=281\" srcset=\"http:\/\/stmbus.pl\/wp-content\/uploads\/2020\/04\/16-scaled.jpg 2560w, http:\/\/stmbus.pl\/wp-content\/uploads\/2020\/04\/16-300x201.jpg 300w, http:\/\/stmbus.pl\/wp-content\/uploads\/2020\/04\/16-1024x685.jpg 1024w, http:\/\/stmbus.pl\/wp-content\/uploads\/2020\/04\/16-768x514.jpg 768w, http:\/\/stmbus.pl\/wp-content\/uploads\/2020\/04\/16-1536x1028.jpg 1536w, http:\/\/stmbus.pl\/wp-content\/uploads\/2020\/04\/16-2048x1371.jpg 2048w, http:\/\/stmbus.pl\/wp-content\/uploads\/2020\/04\/16-360x241.jpg 360w\" sizes=\"(max-width: 2560px) 100vw, 2560px\" \/>\r\n<figcaption class=\"blocks-gallery-item__caption\"><strong>Wzmocnienie nad 1 drzwiami<\/strong><\/figcaption>\r\n<\/figure>\r\n<figure><img loading=\"lazy\" decoding=\"async\" class=\"alignnone wp-image-282\" src=\"http:\/\/stmbus.pl\/wp-content\/uploads\/2020\/04\/15-scaled.jpg\" alt=\"Wzmocnienie nad kierowc\u0105\" width=\"2560\" height=\"1714\" data-id=\"282\" data-link=\"http:\/\/stmbus.pl\/?attachment_id=282\" srcset=\"http:\/\/stmbus.pl\/wp-content\/uploads\/2020\/04\/15-scaled.jpg 2560w, http:\/\/stmbus.pl\/wp-content\/uploads\/2020\/04\/15-300x201.jpg 300w, http:\/\/stmbus.pl\/wp-content\/uploads\/2020\/04\/15-1024x685.jpg 1024w, http:\/\/stmbus.pl\/wp-content\/uploads\/2020\/04\/15-768x514.jpg 768w, http:\/\/stmbus.pl\/wp-content\/uploads\/2020\/04\/15-1536x1028.jpg 1536w, http:\/\/stmbus.pl\/wp-content\/uploads\/2020\/04\/15-2048x1371.jpg 2048w, http:\/\/stmbus.pl\/wp-content\/uploads\/2020\/04\/15-360x241.jpg 360w\" sizes=\"(max-width: 2560px) 100vw, 2560px\" \/>\r\n<figcaption class=\"blocks-gallery-item__caption\"><strong>Wzmocnienie nad kierowc\u0105<\/strong><\/figcaption>\r\n<\/figure>\r\n<figure><img loading=\"lazy\" decoding=\"async\" class=\"alignnone wp-image-283\" src=\"http:\/\/stmbus.pl\/wp-content\/uploads\/2020\/04\/11-scaled.jpg\" alt=\"Okienko sprzeda\u017cy bilet\u00f3w\" width=\"2560\" height=\"1438\" data-id=\"283\" data-link=\"http:\/\/stmbus.pl\/?attachment_id=283\" srcset=\"http:\/\/stmbus.pl\/wp-content\/uploads\/2020\/04\/11-scaled.jpg 2560w, http:\/\/stmbus.pl\/wp-content\/uploads\/2020\/04\/11-300x169.jpg 300w, http:\/\/stmbus.pl\/wp-content\/uploads\/2020\/04\/11-1024x575.jpg 1024w, http:\/\/stmbus.pl\/wp-content\/uploads\/2020\/04\/11-768x432.jpg 768w, http:\/\/stmbus.pl\/wp-content\/uploads\/2020\/04\/11-1536x863.jpg 1536w, http:\/\/stmbus.pl\/wp-content\/uploads\/2020\/04\/11-2048x1151.jpg 2048w, http:\/\/stmbus.pl\/wp-content\/uploads\/2020\/04\/11-360x202.jpg 360w\" sizes=\"(max-width: 2560px) 100vw, 2560px\" \/>\r\n<figcaption class=\"blocks-gallery-item__caption\"><strong>Okienko sprzeda\u017cy bilet\u00f3w<\/strong><\/figcaption>\r\n<\/figure>\r\n<figure><img loading=\"lazy\" decoding=\"async\" class=\"alignnone wp-image-284\" src=\"http:\/\/stmbus.pl\/wp-content\/uploads\/2020\/04\/50-scaled.jpg\" alt=\"Bezpieczna zabudowa kabiny kierowcy\" width=\"2560\" height=\"1803\" data-id=\"284\" data-full-url=\"http:\/\/stmbus.pl\/wp-content\/uploads\/2020\/04\/50-scaled.jpg\" data-link=\"http:\/\/stmbus.pl\/?attachment_id=284\" srcset=\"http:\/\/stmbus.pl\/wp-content\/uploads\/2020\/04\/50-scaled.jpg 2560w, http:\/\/stmbus.pl\/wp-content\/uploads\/2020\/04\/50-300x211.jpg 300w, http:\/\/stmbus.pl\/wp-content\/uploads\/2020\/04\/50-1024x721.jpg 1024w, http:\/\/stmbus.pl\/wp-content\/uploads\/2020\/04\/50-768x541.jpg 768w, http:\/\/stmbus.pl\/wp-content\/uploads\/2020\/04\/50-1536x1082.jpg 1536w, http:\/\/stmbus.pl\/wp-content\/uploads\/2020\/04\/50-2048x1442.jpg 2048w, http:\/\/stmbus.pl\/wp-content\/uploads\/2020\/04\/50-360x253.jpg 360w\" sizes=\"(max-width: 2560px) 100vw, 2560px\" \/>\r\n<figcaption class=\"blocks-gallery-item__caption\"><strong>Bezpieczna zabudowa kabiny kierowcy<\/strong><\/figcaption>\r\n<\/figure>\r\n<\/figure>\r\n\r\n\r\n\r\n<h4 class=\"wp-block-heading\">Testowany model Mercedes Conecto posiada pe\u0142n\u0105 zabudow\u0119 kabiny kierowcy. Poprzez wykonanie szklanej przegrody kierowca ma do swojej dyspozycji du\u017c\u0105 przestrze\u0144 wraz z osobnymi drzwiami. Mo\u017ce on zar\u00f3wno przej\u015b\u0107 bezpo\u015brednio do przedzia\u0142u pasa\u017cerskiego jak i na zewn\u0105trz.<\/h4>\r\n\r\n\r\n\r\n<p>Ten uk\u0142ad by\u0142 ju\u017c znany z poprzedniego modelu. Zmianie uleg\u0142y za\u015b punkty dodatkowego podparcia tej sporej konstrukcji. Bior\u0105c pod wag\u0119 sugestie u\u017cytkownik\u00f3w, pojawi\u0142o si\u0119 fabrycznie montowane wzmocnienie w postaci wspornika do ramy pierwszych drzwi. W ten spos\u00f3b uzyskano konstrukcj\u0119 prawie idealn\u0105, kt\u00f3ra nie generuje dodatkowych negatywnych d\u017awi\u0119k\u00f3w na wybojach oraz zapewnia dobr\u0105 optyk\u0119 przestrzeni dla pasa\u017cer\u00f3w.<\/p>\r\n\r\n\r\n\r\n<p>Poprzez zastosowanie otwieranego okienka biletowego, sprzeda\u017c bilet\u00f3w przez prowadz\u0105cego nie stanowi problemu. Do rozwa\u017cenia pozostaje jedynie dodanie dodatkowych otwor\u00f3w w szybie drzwi, w celu zapewnienia lepszej s\u0142yszalno\u015bci pasa\u017cera. W obecnej sytuacji kabina jest na tyle dobrze wyg\u0142uszona ,\u017ce us\u0142yszenie pytania ze strony pasa\u017cera bywa problematyczne.\u00a0<\/p>\r\n\r\n\r\n\r\n<p>Zabudowana w pe\u0142ni kabina kierowcy zdecydowanie powinna sta\u0107 si\u0119 standardem w pojazdach gdzie pierwsze drzwi pasa\u017cerskie s\u0105 dwuskrzyd\u0142owe. Rozwi\u0105zanie to zapewnia:<\/p>\r\n\r\n\r\n\r\n<ul>\r\n<li>bezpiecze\u0144stwo kierowcy &#8211; nawet w przypadku bezpo\u015bredniego ataku ze strony pasa\u017cera, jest mo\u017cliwe opuszczenie pojazdu,<\/li>\r\n<li>brak ograniczenia widoczno\u015bci &#8211; w przypadku zat\u0142oczenia pojazdu, nawet pasa\u017cerowie stoj\u0105cy w strefie drzwi nie ograniczaj\u0105 widoczno\u015bci z prawej strony,<\/li>\r\n<li>wyt\u0142umienie ha\u0142asu &#8211; do uszu kierowcy dociera du\u017co mniejsze nat\u0119\u017cenie uci\u0105\u017cliwych d\u017awi\u0119k\u00f3w kt\u00f3re w trakcie d\u0142ugotrwa\u0142ej pracy powoduj\u0105 zm\u0119czenie,<\/li>\r\n<li>barier\u0119 dla przenoszonych drog\u0105 kropelkow\u0105 wirus\u00f3w oraz zarazk\u00f3w co jest tak wa\u017cne w obecnym czasie pandemii koronawirusa,<\/li>\r\n<li>izolacj\u0119 termiczn\u0105 &#8211; zw\u0142aszcza w zimie do miejsca pracy kierowcy dociera mniej zimnego powietrza podczas wymiany pasa\u017cerskiej na przystankach.\u00a0<\/li>\r\n<\/ul>\r\n\r\n\r\n\r\n<p><strong>Czas najwy\u017cszy chyba na to co zawsze dla kierowc\u00f3w jest najwa\u017cniejsze, czyli miejsce pracy.<\/strong><\/p>\r\n<p>\r\n\r\n<\/p>\r\n<h2 class=\"wp-block-heading\">&#8222;Jaki fotel? Jaka deska? Jakie bajery ma?&#8221;<\/h2>\r\n\r\n\r\n\r\n<figure class=\"wp-block-image size-large\"><img loading=\"lazy\" decoding=\"async\" class=\"alignnone wp-image-287\" src=\"http:\/\/stmbus.pl\/wp-content\/uploads\/2020\/04\/6-1024x685.jpg\" alt=\"Kabina kierowcy\" width=\"1024\" height=\"685\" srcset=\"http:\/\/stmbus.pl\/wp-content\/uploads\/2020\/04\/6-1024x685.jpg 1024w, http:\/\/stmbus.pl\/wp-content\/uploads\/2020\/04\/6-300x201.jpg 300w, http:\/\/stmbus.pl\/wp-content\/uploads\/2020\/04\/6-768x514.jpg 768w, http:\/\/stmbus.pl\/wp-content\/uploads\/2020\/04\/6-1536x1028.jpg 1536w, http:\/\/stmbus.pl\/wp-content\/uploads\/2020\/04\/6-2048x1371.jpg 2048w, http:\/\/stmbus.pl\/wp-content\/uploads\/2020\/04\/6-360x241.jpg 360w\" sizes=\"(max-width: 1024px) 100vw, 1024px\" \/>\r\n<figcaption><strong>Kabina kierowcy<\/strong><\/figcaption>\r\n<\/figure>\r\n\r\n\r\n\r\n<p>Jak ju\u017c wcze\u015bniej wspomnieli\u015bmy, baz\u0105 do wykonania kabiny kierowcy jest jej pe\u0142na zabudowa.<\/p>\r\n\r\n\r\n\r\n<p><strong>W testowanym modelu zamontowano standardowy dla Mercedesa fotel Grammer.<\/strong><\/p>\r\n\r\n\r\n\r\n<p>Zosta\u0142 on w stosunku do starszych rocznikowi braci nieznacznie zmodyfikowany. Ot\u00f3\u017c oparcie fotela w odcinku szyjnym zyska\u0142o uwypuklenie\/zgrubienie. Dzi\u0119ki temu zabiegowi oparcie nie musi posiada\u0107 opcji \u0142amania w 3\/4, by lepiej przylega\u0107 do plec\u00f3w. Dodatkowo poza funkcj\u0105 ogrzewania, fotel ten jest standardowy i zapewnia odpowiedni standard dla prowadz\u0105cego.<\/p>\r\n\r\n\r\n\r\n<p>Niewielk\u0105 lecz odczuwaln\u0105 zmian\u0105 dla prowadz\u0105cych b\u0119dzie podwy\u017cszenie miejsca kierowcy. Fotel zosta\u0142 zamontowany na niewielkim podwy\u017cszeniu. Zosta\u0142o to prawdopodobnie wymuszone przez wy\u017cej poprowadzon\u0105 g\u00f3rn\u0105 lini\u0119 pulpitu, o czym za chwil\u0119.<\/p>\r\n\r\n\r\n\r\n<figure class=\"wp-block-image size-large\"><img loading=\"lazy\" decoding=\"async\" class=\"alignnone wp-image-289\" src=\"http:\/\/stmbus.pl\/wp-content\/uploads\/2020\/04\/7-1024x685.jpg\" alt=\"Lewa cze\u015b\u0107 pulpitu\" width=\"1024\" height=\"685\" srcset=\"http:\/\/stmbus.pl\/wp-content\/uploads\/2020\/04\/7-1024x685.jpg 1024w, http:\/\/stmbus.pl\/wp-content\/uploads\/2020\/04\/7-300x201.jpg 300w, http:\/\/stmbus.pl\/wp-content\/uploads\/2020\/04\/7-768x514.jpg 768w, http:\/\/stmbus.pl\/wp-content\/uploads\/2020\/04\/7-1536x1028.jpg 1536w, http:\/\/stmbus.pl\/wp-content\/uploads\/2020\/04\/7-2048x1371.jpg 2048w, http:\/\/stmbus.pl\/wp-content\/uploads\/2020\/04\/7-360x241.jpg 360w\" sizes=\"(max-width: 1024px) 100vw, 1024px\" \/>\r\n<figcaption>Lewa cze\u015b\u0107 pulpitu<\/figcaption>\r\n<\/figure>\r\n\r\n\r\n\r\n<p><strong>Z lewej strony kierowcy, zasadniczo nie widocznej dla pasa\u017cer\u00f3w znajduje si\u0119 jak zwykle:<\/strong><\/p>\r\n\r\n\r\n\r\n<ul>\r\n<li>w dolnej cz\u0119\u015bci manetka hamulca r\u0119cznego,<\/li>\r\n<li>pod czerwonymi klapkami bezpiecze\u0144stwa, awaryjne odblokowanie hamulca przystankowego oraz awaryjny wy\u0142\u0105cznik pr\u0105du.<\/li>\r\n<li>klawisze po lewej stronie to jedna z nowo\u015bci jakim jest, przycisk regulacji kolumny kierownicy (przeniesiony bezpo\u015brednio z kolumny) oraz znany poprzedniego modelu awaryjny klawisz zadania kierunku jazdy dla skrzyni bieg\u00f3w,<\/li>\r\n<li>w prawym g\u00f3rnym rogu, standardowe dla MB mini gniazdo zapalniczki 24V &#8211; tak\u017ce by korzysta\u0107 z pe\u0142ni jej funkcji niezb\u0119dna b\u0119dzie przej\u015bci\u00f3wka MINI-MAXI,<\/li>\r\n<li>klawisze funkcyjne to znane sterowanie szyberdachami, odblokowanie zawor\u00f3w awaryjnych drzwi, ogrzewania szyby czy wyci\u0105gi dachowe,<\/li>\r\n<li>kolejn\u0105 zmian\u0105 jest umiejscowienie stacyjki, rozwi\u0105zanie wymagaj\u0105ce przyzwyczajenia lecz nie powoduj\u0105ce konfliktu,<\/li>\r\n<li>kolejn\u0105 nowo\u015bci\u0105 i znakiem czasu jest port 5V \u0142adowania typu USB,<\/li>\r\n<li>na koniec najwi\u0119ksza zmiana w stosunku do poprzedniego modelu, czyli sterownik klimatyzacji\/ogrzewania, zamiana z ATC Wabco na znany ju\u017c z pojazd\u00f3w Mercedesa i Setry nowy sterownik.<\/li>\r\n<\/ul>\r\n\r\n\r\n\r\n<figure class=\"wp-block-image size-large\"><img loading=\"lazy\" decoding=\"async\" class=\"alignnone wp-image-290\" src=\"http:\/\/stmbus.pl\/wp-content\/uploads\/2020\/04\/IMGP1680-1024x685.jpg\" alt=\"Sterownik klimatyzacji\/ogrzewania HVAC\" width=\"1024\" height=\"685\" srcset=\"http:\/\/stmbus.pl\/wp-content\/uploads\/2020\/04\/IMGP1680-1024x685.jpg 1024w, http:\/\/stmbus.pl\/wp-content\/uploads\/2020\/04\/IMGP1680-300x201.jpg 300w, http:\/\/stmbus.pl\/wp-content\/uploads\/2020\/04\/IMGP1680-768x514.jpg 768w, http:\/\/stmbus.pl\/wp-content\/uploads\/2020\/04\/IMGP1680-1536x1028.jpg 1536w, http:\/\/stmbus.pl\/wp-content\/uploads\/2020\/04\/IMGP1680-2048x1371.jpg 2048w, http:\/\/stmbus.pl\/wp-content\/uploads\/2020\/04\/IMGP1680-360x241.jpg 360w\" sizes=\"(max-width: 1024px) 100vw, 1024px\" \/>\r\n<figcaption><strong>Sterownik klimatyzacji\/ogrzewania HVAC<\/strong><\/figcaption>\r\n<\/figure>\r\n\r\n\r\n\r\n<p><strong>Jest on zupe\u0142n\u0105 nowo\u015bci\u0105 w modelu\u00a0 Mercedes Conecto.<\/strong><\/p>\r\n\r\n\r\n\r\n<p>Po\u0142\u0105czony z wy\u015bwietlaczem w pulpicie kierowcy, przez co bezpo\u015brednio przed oczami kierowcy wida\u0107 zmiany w sile nadmuchu czy temperaturze. Sterownik ten wymaga przyzwyczajenia, nie jest on tak oczywisty jak sterownik ATC i wymaga wprawy. Zw\u0142aszcza ,i\u017c w turystycznych modelach autobus\u00f3w, gdzie jest on tak popularny, znajduje na centralnym pulpicie. Przez co jego obs\u0142uga jest mo\u017cliwa nawet podczas jazdy. Podstawow\u0105 i niezmiernie istotn\u0105 wad\u0105 w testowanym modelu jest brak pami\u0119ci ustawie\u0144 sterownika po wy\u0142\u0105czeniu stacyjki w pozycje &#8222;0&#8221;. Ustawiona temperatura przedzia\u0142u pasa\u017cerskiego wraca do pozycji wyj\u015bciowej jakim jest 24 stopnie. Na dodatek warto\u015b\u0107 ta jest mo\u017cliwa do swobodnej regulacji.<\/p>\r\n\r\n\r\n\r\n<p><strong>W pojazdach komunikacji miejskiej warto\u015b\u0107 ta musi by\u0107 mo\u017cliwa do ustawienia lub zmiany, jedynie przez serwis. Pozostaje mie\u0107 nadzieje, i\u017c jest to tylko kwestia oprogramowania.<\/strong><\/p>\r\n\r\n\r\n\r\n<p>Je\u015bli za\u015b m\u00f3wimy ju\u017c o ogrzewaniu oraz klimatyzacji. Nale\u017cy wspomnie\u0107 o kolejnej niestety tym razem z\u0142ej wiadomo\u015bci dla kierowc\u00f3w nowego Mercedes Conecto.<\/p>\r\n\r\n\r\n\r\n<figure class=\"wp-block-image size-large\"><img loading=\"lazy\" decoding=\"async\" class=\"alignnone wp-image-301\" src=\"http:\/\/stmbus.pl\/wp-content\/uploads\/2020\/04\/13-1024x685.jpg\" alt=\"Dysza nadmuchu powietrza na lew\u0105 nog\u0119 kierowcy\" width=\"1024\" height=\"685\" srcset=\"http:\/\/stmbus.pl\/wp-content\/uploads\/2020\/04\/13-1024x685.jpg 1024w, http:\/\/stmbus.pl\/wp-content\/uploads\/2020\/04\/13-300x201.jpg 300w, http:\/\/stmbus.pl\/wp-content\/uploads\/2020\/04\/13-768x514.jpg 768w, http:\/\/stmbus.pl\/wp-content\/uploads\/2020\/04\/13-1536x1028.jpg 1536w, http:\/\/stmbus.pl\/wp-content\/uploads\/2020\/04\/13-2048x1371.jpg 2048w, http:\/\/stmbus.pl\/wp-content\/uploads\/2020\/04\/13-360x241.jpg 360w\" sizes=\"(max-width: 1024px) 100vw, 1024px\" \/>\r\n<figcaption><strong>Dysza nadmuchu powietrza na lew\u0105 nog\u0119 kierowcy<\/strong><\/figcaption>\r\n<\/figure>\r\n\r\n\r\n\r\n<p>W poprzednim modelu dysze nadmuchu powietrza na nogi znajdowa\u0142y si\u0119 na tyle kolumny kierowniczej oraz dodatkowo z lewej strony wzd\u0142u\u017c fotela, przez co komfort termiczny by\u0142 bardziej ni\u017c zadowalaj\u0105cy. Nawet w bardzo zimne dni, nawiew zapewnia\u0142 wr\u0119cz tropikalne warunki pracy, nie tylko w 1,2,3 roku u\u017cytkowania pojazdu, jak to ma miejsce u niekt\u00f3rych producent\u00f3w. Niestety przy obecnym rozwi\u0105zaniu, bez zamontowania dodatkowej nagrzewnicy w miejsce schowka podr\u0119cznego z prawej strony, kierowcy b\u0119d\u0105 nara\u017ceni na niekorzystne warunki. Je\u015bli za\u015b chodzi o jako\u015b\u0107 klimatyzacji, do temperatury zewn\u0119trznej ok. 28 stopni w poprzednim modelu by\u0142a zupe\u0142nie wystarczaj\u0105ca. Niestety powy\u017cej tej temperatury, ze wzgl\u0119du na panoramiczn\u0105 szyb\u0119 czo\u0142ow\u0105, oraz spor\u0105 powierzchni\u0119 konieczn\u0105 do sch\u0142odzenia, stawa\u0142a si\u0119 ona ma\u0142o wydajna. Znane by\u0142y przypadki gdy w upalne dni, w kabinie kierowcy mimo dzia\u0142aj\u0105cej klimatyzacji i zimnym nawiewie, rejestrowano temperatury bliskie 40 stopni. Zasadne w tym przypadku staje si\u0119 podczas kompletacji pojazdu zam\u00f3wienie osobnego klimatyzatora tylko dla kabiny kierowcy.<\/p>\r\n\r\n\r\n\r\n<figure class=\"wp-block-image size-large\"><img loading=\"lazy\" decoding=\"async\" class=\"alignnone wp-image-296\" src=\"http:\/\/stmbus.pl\/wp-content\/uploads\/2020\/04\/IMGP1676-1-1024x685.jpg\" alt=\"Pulpit kierowcy\" width=\"1024\" height=\"685\" srcset=\"http:\/\/stmbus.pl\/wp-content\/uploads\/2020\/04\/IMGP1676-1-1024x685.jpg 1024w, http:\/\/stmbus.pl\/wp-content\/uploads\/2020\/04\/IMGP1676-1-300x201.jpg 300w, http:\/\/stmbus.pl\/wp-content\/uploads\/2020\/04\/IMGP1676-1-768x514.jpg 768w, http:\/\/stmbus.pl\/wp-content\/uploads\/2020\/04\/IMGP1676-1-1536x1028.jpg 1536w, http:\/\/stmbus.pl\/wp-content\/uploads\/2020\/04\/IMGP1676-1-2048x1371.jpg 2048w, http:\/\/stmbus.pl\/wp-content\/uploads\/2020\/04\/IMGP1676-1-360x241.jpg 360w\" sizes=\"(max-width: 1024px) 100vw, 1024px\" \/>\r\n<figcaption><strong>Pulpit kierowcy<\/strong><\/figcaption>\r\n<\/figure>\r\n\r\n\r\n\r\n<p><strong>I to czas na og\u00f3lny widok pulpitu, z perspektywy kierowcy. Podstawowe zmiany w stosunku do poprzedniego modelu to:<\/strong><\/p>\r\n\r\n\r\n\r\n<ul>\r\n<li>zmieniona kierownica, zestandaryzowana we wszystkich modelach marki Mercedes &#8211; Setra. Wielofunkcyjna, co oznacza ,i\u017c bez odrywania r\u0105k od kierownicy mo\u017cemy sterowa\u0107 funkcjami komputera pok\u0142adowego &#8211; lewymi przyciskami lub opcjami dodatkowymi pod prawymi przyciskami &#8211; tempomat, limiter pr\u0119dko\u015bci. Wymaga ona przyzwyczajenia, poniewa\u017c ma ona bardziej ostre i kanciaste kraw\u0119dzie ni\u017c w poprzednim modelu. Sama si\u0142a wspomagania uk\u0142adu kierowniczego nie pozostawia pola do narzeka\u0144, jest odpowiednia,<\/li>\r\n<li>kolorowy cyfrowy wy\u015bwietlacz komputera pok\u0142adowego. Czytelny i prosty w obs\u0142udze, o zdecydowanie bardziej na czasie szacie graficznej,<\/li>\r\n<li>prze\u0142\u0105cznik wielofunkcyjny przy kierownicy, tak samo jak kierownica znajdziemy go w innych modelach Daimlera, bardzo wygodny i p\u0142ynnie dzia\u0142aj\u0105cy,<\/li>\r\n<li>omawiane ju\u017c wcze\u015bniej inteligentne klawisze funkcyjne. Dzia\u0142aj\u0105ca p\u0142ynnie, bez oporu lecz z pewno\u015bci\u0105 skoku,<\/li>\r\n<li>pulpit kierowcy jak w poprzednim modelu jest elementem sta\u0142ym i regulowane jest po\u0142o\u017cenie kolumny kierowniczej.<\/li>\r\n<\/ul>\r\n\r\n\r\n\r\n<div class=\"wp-block-group\">\r\n<div class=\"wp-block-group__inner-container is-layout-flow wp-block-group-is-layout-flow\">\r\n<figure class=\"wp-block-gallery columns-1 is-cropped wp-block-gallery-3 is-layout-flex wp-block-gallery-is-layout-flex\">\r\n<figure><img loading=\"lazy\" decoding=\"async\" class=\"alignnone wp-image-298\" src=\"http:\/\/stmbus.pl\/wp-content\/uploads\/2020\/04\/19-scaled.jpg\" alt=\"Prawa cz\u0119\u015b\u0107 pulpitu\" width=\"2560\" height=\"1714\" data-id=\"298\" data-full-url=\"http:\/\/stmbus.pl\/wp-content\/uploads\/2020\/04\/19-scaled.jpg\" data-link=\"http:\/\/stmbus.pl\/?attachment_id=298\" srcset=\"http:\/\/stmbus.pl\/wp-content\/uploads\/2020\/04\/19-scaled.jpg 2560w, http:\/\/stmbus.pl\/wp-content\/uploads\/2020\/04\/19-300x201.jpg 300w, http:\/\/stmbus.pl\/wp-content\/uploads\/2020\/04\/19-1024x685.jpg 1024w, http:\/\/stmbus.pl\/wp-content\/uploads\/2020\/04\/19-768x514.jpg 768w, http:\/\/stmbus.pl\/wp-content\/uploads\/2020\/04\/19-1536x1028.jpg 1536w, http:\/\/stmbus.pl\/wp-content\/uploads\/2020\/04\/19-2048x1371.jpg 2048w, http:\/\/stmbus.pl\/wp-content\/uploads\/2020\/04\/19-360x241.jpg 360w\" sizes=\"(max-width: 2560px) 100vw, 2560px\" \/>\r\n<figcaption class=\"blocks-gallery-item__caption\"><strong>Prawa cz\u0119\u015b\u0107 pulpitu<\/strong><\/figcaption>\r\n<\/figure>\r\n<figure><img loading=\"lazy\" decoding=\"async\" class=\"alignnone wp-image-297\" src=\"http:\/\/stmbus.pl\/wp-content\/uploads\/2020\/04\/34-scaled.jpg\" alt=\"Prze\u0142\u0105cznik zespolony\" width=\"2560\" height=\"1714\" data-id=\"297\" data-full-url=\"http:\/\/stmbus.pl\/wp-content\/uploads\/2020\/04\/34-scaled.jpg\" data-link=\"http:\/\/stmbus.pl\/?attachment_id=297\" srcset=\"http:\/\/stmbus.pl\/wp-content\/uploads\/2020\/04\/34-scaled.jpg 2560w, http:\/\/stmbus.pl\/wp-content\/uploads\/2020\/04\/34-300x201.jpg 300w, http:\/\/stmbus.pl\/wp-content\/uploads\/2020\/04\/34-1024x685.jpg 1024w, http:\/\/stmbus.pl\/wp-content\/uploads\/2020\/04\/34-768x514.jpg 768w, http:\/\/stmbus.pl\/wp-content\/uploads\/2020\/04\/34-1536x1028.jpg 1536w, http:\/\/stmbus.pl\/wp-content\/uploads\/2020\/04\/34-2048x1371.jpg 2048w, http:\/\/stmbus.pl\/wp-content\/uploads\/2020\/04\/34-360x241.jpg 360w\" sizes=\"(max-width: 2560px) 100vw, 2560px\" \/>\r\n<figcaption class=\"blocks-gallery-item__caption\"><strong>Prze\u0142\u0105cznik zespolony<\/strong><\/figcaption>\r\n<\/figure>\r\n<figure><img loading=\"lazy\" decoding=\"async\" class=\"alignnone wp-image-299\" src=\"http:\/\/stmbus.pl\/wp-content\/uploads\/2020\/04\/30-scaled.jpg\" alt=\"Prawa cz\u0119\u015b\u0107 kabiny kierowcy\" width=\"2560\" height=\"1714\" data-id=\"299\" data-full-url=\"http:\/\/stmbus.pl\/wp-content\/uploads\/2020\/04\/30-scaled.jpg\" data-link=\"http:\/\/stmbus.pl\/?attachment_id=299\" srcset=\"http:\/\/stmbus.pl\/wp-content\/uploads\/2020\/04\/30-scaled.jpg 2560w, http:\/\/stmbus.pl\/wp-content\/uploads\/2020\/04\/30-300x201.jpg 300w, http:\/\/stmbus.pl\/wp-content\/uploads\/2020\/04\/30-1024x685.jpg 1024w, http:\/\/stmbus.pl\/wp-content\/uploads\/2020\/04\/30-768x514.jpg 768w, http:\/\/stmbus.pl\/wp-content\/uploads\/2020\/04\/30-1536x1028.jpg 1536w, http:\/\/stmbus.pl\/wp-content\/uploads\/2020\/04\/30-2048x1371.jpg 2048w, http:\/\/stmbus.pl\/wp-content\/uploads\/2020\/04\/30-360x241.jpg 360w\" sizes=\"(max-width: 2560px) 100vw, 2560px\" \/>\r\n<figcaption class=\"blocks-gallery-item__caption\"><strong>Prawa cz\u0119\u015b\u0107 kabiny kierowcy<\/strong><\/figcaption>\r\n<\/figure>\r\n<\/figure>\r\n<\/div>\r\n<\/div>\r\n\r\n\r\n\r\n<p><strong>Prawa cz\u0119\u015b\u0107 kabiny kierowcy tak\u017ce nosi widoczne \u015blady zmian:<\/strong><\/p>\r\n\r\n\r\n\r\n<ul>\r\n<li>nowa zabudowa pulpitu a\u017c do prawego naro\u017cnika,<\/li>\r\n<li>likwidacja schowka pod pulpitem z drzwiczkami przy ga\u015bnicach,<\/li>\r\n<li>ca\u0142o\u015b\u0107 tworzywa pulpitu kierowcy wykonana jest z mi\u0119kkiego uginaj\u0105cego si\u0119 pod naciskiem materia\u0142u, dzi\u0119ki temu na po\u0142\u0105czeniach nie skrzypi oraz w kontakcie z kolanami kierowcy zw\u0142aszcza w okolicach przycisk\u00f3w drzwi, nie sprawa problem\u00f3w.<\/li>\r\n<\/ul>\r\n\r\n\r\n\r\n<p><strong>Lewa cz\u0119\u015b\u0107 kabiny kierowcy &#8222;nie chce by\u0107 gorsza&#8221; od prawej:<\/strong><\/p>\r\n\r\n\r\n\r\n<ul>\r\n<li>Roleta boczna okna kierowcy. W stosunku do poprzedniego modelu mamy pe\u0142n\u0105 rolet\u0119 bez zb\u0119dnych prowadnic oraz sznurk\u00f3w, kt\u00f3ra zapewnia odpowiedni\u0105 os\u0142on\u0119 przed promieniami s\u0142onecznymi,<\/li>\r\n<li>Za fotelem kierowcy pojawi\u0142y si\u0119 praktyczne dodatkowe mocowania na ewentualny baga\u017c podr\u0119czny kierowcy,<\/li>\r\n<li>Pod zamykan\u0105 pokryw\u0105 plastikow\u0105 zamiast p\u0142yty bezpiecznikowej jak w poprzednim modelu, znajduje si\u0119: przycisk do blokowania automatycznego dopalania DPF lub do aktywacji stacjonarnego dopalania. Jest to niezmiernie wa\u017cna zmiana. Niestety kierowcy wykorzystywali og\u00f3lno-dost\u0119pno\u015b\u0107 tej funkcji do jej blokowania, przez co chcieli wykona\u0107 oszcz\u0119dno\u015bci paliwa. Powodowa\u0142o to liczne b\u0142\u0119dy systemy oczyszczania spalin, \u0142\u0105cznie z redukcj\u0105 mocy silnika, kt\u00f3re skutkowa\u0142y konieczno\u015bci\u0105 zjazdu awaryjnego oraz konieczno\u015bci wykonania stacjonarnego dopalania,<\/li>\r\n<li>Po t\u0105 sam\u0105 klap\u0105 znajduje si\u0119 tak\u017ce przydatny zw\u0142aszcza w przejazdach technicznych oraz przejazdach w terenie innym ni\u017c zwyczajowa eksploatacja, przycisk POWER. Powoduje on wymuszenie ustawie\u0144 skrzyni bieg\u00f3w w opcji g\u00f3rskiej mocowej.<\/li>\r\n<\/ul>\r\n\r\n\r\n\r\n<figure class=\"wp-block-image size-large\"><img loading=\"lazy\" decoding=\"async\" class=\"alignnone wp-image-304\" src=\"http:\/\/stmbus.pl\/wp-content\/uploads\/2020\/04\/14-1024x685.jpg\" alt=\"Roleta okna kierowcy\" width=\"1024\" height=\"685\" srcset=\"http:\/\/stmbus.pl\/wp-content\/uploads\/2020\/04\/14-1024x685.jpg 1024w, http:\/\/stmbus.pl\/wp-content\/uploads\/2020\/04\/14-300x201.jpg 300w, http:\/\/stmbus.pl\/wp-content\/uploads\/2020\/04\/14-768x514.jpg 768w, http:\/\/stmbus.pl\/wp-content\/uploads\/2020\/04\/14-1536x1028.jpg 1536w, http:\/\/stmbus.pl\/wp-content\/uploads\/2020\/04\/14-2048x1371.jpg 2048w, http:\/\/stmbus.pl\/wp-content\/uploads\/2020\/04\/14-360x241.jpg 360w\" sizes=\"(max-width: 1024px) 100vw, 1024px\" \/>\r\n<figcaption><strong>Roleta okna kierowcy<\/strong><\/figcaption>\r\n<\/figure>\r\n\r\n\r\n\r\n<p><strong>Zaka\u0144czaj\u0105c temat wyko\u0144czenia kabiny kierowcy nie mo\u017cna nie wspomnie\u0107 o pozornie b\u0142ahych elementach:<\/strong><\/p>\r\n\r\n\r\n\r\n<ul>\r\n<li>Podk\u0142adka na rozk\u0142ad jazdy wraz z o\u015bwietleniem, solidnie wykonana w odpowiednio widocznym miejscu,<\/li>\r\n<li>Os\u0142ona przeciws\u0142oneczna na szybie naro\u017cnej, regulowana i dobrze spe\u0142niaj\u0105ca swoj\u0105 funckj\u0119.<\/li>\r\n<\/ul>\r\n\r\n\r\n\r\n<figure class=\"wp-block-image size-large\"><img loading=\"lazy\" decoding=\"async\" class=\"alignnone wp-image-305\" src=\"http:\/\/stmbus.pl\/wp-content\/uploads\/2020\/04\/32-685x1024.jpg\" alt=\"Roleta szyby bocznej, podk\u0142adka pod rozk\u0142ad oraz os\u0142ona przeciws\u0142oneczna\" width=\"685\" height=\"1024\" srcset=\"http:\/\/stmbus.pl\/wp-content\/uploads\/2020\/04\/32-685x1024.jpg 685w, http:\/\/stmbus.pl\/wp-content\/uploads\/2020\/04\/32-201x300.jpg 201w, http:\/\/stmbus.pl\/wp-content\/uploads\/2020\/04\/32-768x1147.jpg 768w, http:\/\/stmbus.pl\/wp-content\/uploads\/2020\/04\/32-1028x1536.jpg 1028w, http:\/\/stmbus.pl\/wp-content\/uploads\/2020\/04\/32-1371x2048.jpg 1371w, http:\/\/stmbus.pl\/wp-content\/uploads\/2020\/04\/32-301x450.jpg 301w, http:\/\/stmbus.pl\/wp-content\/uploads\/2020\/04\/32-scaled.jpg 1714w\" sizes=\"(max-width: 685px) 100vw, 685px\" \/>\r\n<figcaption><strong>Roleta szyby bocznej, podk\u0142adka pod rozk\u0142ad oraz os\u0142ona przeciws\u0142oneczna<\/strong><\/figcaption>\r\n<\/figure>\r\n\r\n\r\n\r\n<p>Tak\u017ce nad g\u0142ow\u0105 kierowcy zabudowa kabiny uleg\u0142a zmianie. Odchudzeniu uleg\u0142a klapa maskuj\u0105ca przedni wy\u015bwietlacz, kt\u00f3ra od teraz jest wykonana z elastycznego materia\u0142u. Tak\u017ce na podszybiu twardy plastik zast\u0105piono metalem, usztywniaj\u0105c konstrukcj\u0119. W podszybiu zamontowano tak\u017ce szerok\u0105 rolet\u0119 przeciws\u0142oneczn\u0105, kt\u00f3ra skutecznie zapobiega promieniowaniu s\u0142onecznemu. Do pe\u0142ni szcz\u0119\u015bcia, brakuje by by\u0142a ona wykonana w technologi no\u017cycowej, bez konieczno\u015bci stosowania \u015bci\u0105gaczy oraz sznurk\u00f3w. \u0141y\u017ceczk\u0105 dziegciu w beczce miodu jest lusterko wsteczne do obserwacji przedzia\u0142u pasa\u017cerskiego. By nie rozpisywa\u0107 si\u0119 nadmiernie, wystarczy powiedzie\u0107 ,\u017ce nie wida\u0107 w nim kompletnie nic, jak na 18 metrowej d\u0142ugo\u015bci autobus. Z pomoc\u0105 mo\u017ce tu przyj\u015b\u0107 jedynie podgl\u0105d z kamer monitoringu.<\/p>\r\n\r\n\r\n\r\n<figure class=\"wp-block-image size-large\"><img loading=\"lazy\" decoding=\"async\" class=\"alignnone wp-image-300\" src=\"http:\/\/stmbus.pl\/wp-content\/uploads\/2020\/04\/9-1024x685.jpg\" alt=\"Klapa wy\u015bwietlacza czo\u0142owego i lusterko wsteczne\" width=\"1024\" height=\"685\" srcset=\"http:\/\/stmbus.pl\/wp-content\/uploads\/2020\/04\/9-1024x685.jpg 1024w, http:\/\/stmbus.pl\/wp-content\/uploads\/2020\/04\/9-300x201.jpg 300w, http:\/\/stmbus.pl\/wp-content\/uploads\/2020\/04\/9-768x514.jpg 768w, http:\/\/stmbus.pl\/wp-content\/uploads\/2020\/04\/9-1536x1028.jpg 1536w, http:\/\/stmbus.pl\/wp-content\/uploads\/2020\/04\/9-2048x1371.jpg 2048w, http:\/\/stmbus.pl\/wp-content\/uploads\/2020\/04\/9-360x241.jpg 360w\" sizes=\"(max-width: 1024px) 100vw, 1024px\" \/>\r\n<figcaption><strong>Klapa wy\u015bwietlacza czo\u0142owego i lusterko wsteczne<\/strong><\/figcaption>\r\n<\/figure>\r\n\r\n\r\n\r\n<figure class=\"wp-block-image size-large\"><img loading=\"lazy\" decoding=\"async\" class=\"alignnone wp-image-303\" src=\"http:\/\/stmbus.pl\/wp-content\/uploads\/2020\/04\/31-685x1024.jpg\" alt=\"Tr\u00f3jz\u0105b nad g\u0142ow\u0105 kierowcy\" width=\"685\" height=\"1024\" srcset=\"http:\/\/stmbus.pl\/wp-content\/uploads\/2020\/04\/31-685x1024.jpg 685w, http:\/\/stmbus.pl\/wp-content\/uploads\/2020\/04\/31-201x300.jpg 201w, http:\/\/stmbus.pl\/wp-content\/uploads\/2020\/04\/31-768x1147.jpg 768w, http:\/\/stmbus.pl\/wp-content\/uploads\/2020\/04\/31-1028x1536.jpg 1028w, http:\/\/stmbus.pl\/wp-content\/uploads\/2020\/04\/31-1371x2048.jpg 1371w, http:\/\/stmbus.pl\/wp-content\/uploads\/2020\/04\/31-301x450.jpg 301w, http:\/\/stmbus.pl\/wp-content\/uploads\/2020\/04\/31-scaled.jpg 1714w\" sizes=\"(max-width: 685px) 100vw, 685px\" \/>\r\n<figcaption><strong>Tr\u00f3jz\u0105b nad g\u0142ow\u0105 kierowcy<\/strong><\/figcaption>\r\n<\/figure>\r\n\r\n\r\n\r\n<p>Ca\u0142o\u015b\u0107 wykonania oraz spasowania kabiny kierowcy wraz z now\u0105 p\u00f3\u0142k\u0105 nad g\u0142ow\u0105, jest du\u017cym post\u0119pem w stosunku do poprzedniego modelu. Plastiki oraz inne elementy s\u0105 dobrze spasowanie. Nie wydaj\u0105 niepokoj\u0105cych d\u017awi\u0119k\u00f3w, trzask\u00f3w oraz pisk\u00f3w. Na tym polu du\u017cy plus dla konstruktor\u00f3w oraz monta\u017cyst\u00f3w. Obecnie nowemu Mercedes Conecto du\u017co bli\u017cej do swojego brata Citaro, ni\u017c do poprzedniego modelu. Doceni\u0105 to szczeg\u00f3lnie kierowcy kt\u00f3rzy sp\u0119dzaj\u0105 w swoim miejscu pracy d\u0142ugie godziny, pokonuj\u0105c p\u0142askie jak st\u00f3\u0142 polskie drogi.<\/p>\r\n\r\n\r\n\r\n<figure class=\"wp-block-image size-large\"><img loading=\"lazy\" decoding=\"async\" class=\"alignnone wp-image-309\" src=\"http:\/\/stmbus.pl\/wp-content\/uploads\/2020\/04\/52-1-1024x685.jpg\" alt=\"Dost\u0119pno\u015b\u0107 przycisk\u00f3w funkcyjnych na pulpicie\" width=\"1024\" height=\"685\" srcset=\"http:\/\/stmbus.pl\/wp-content\/uploads\/2020\/04\/52-1-1024x685.jpg 1024w, http:\/\/stmbus.pl\/wp-content\/uploads\/2020\/04\/52-1-300x201.jpg 300w, http:\/\/stmbus.pl\/wp-content\/uploads\/2020\/04\/52-1-768x514.jpg 768w, http:\/\/stmbus.pl\/wp-content\/uploads\/2020\/04\/52-1-1536x1028.jpg 1536w, http:\/\/stmbus.pl\/wp-content\/uploads\/2020\/04\/52-1-2048x1371.jpg 2048w, http:\/\/stmbus.pl\/wp-content\/uploads\/2020\/04\/52-1-360x241.jpg 360w\" sizes=\"(max-width: 1024px) 100vw, 1024px\" \/>\r\n<figcaption><strong>Dost\u0119pno\u015b\u0107 przycisk\u00f3w funkcyjnych na pulpicie<\/strong><\/figcaption>\r\n<\/figure>\r\n\r\n\r\n\r\n<p>Podczas modernizacji stanowiska pracy kierowcy, niestety tak\u017ce stworzono do tej pory nieznane w tym modelu problemy. Zmiany wymusi\u0142y niekorzystny uk\u0142ad pulpitu kierowcy do pozycji za kierownic\u0105. Przy ustawieniu fotela w komfortowej pozycji w celu np. za\u0142\u0105czenia hamulca przystankowego (jak na zdj\u0119ciu) nale\u017cy oderwa\u0107 plecy od oparcia siedzenia. Jednorazowa czynno\u015b\u0107 tego typu nie powoduje problemu, lecz nale\u017cy pami\u0119ta\u0107 ,i\u017c kierowca mo\u017ce pracowa\u0107 nawet 10 godzin dziennie. Mno\u017c\u0105c to razy ilo\u015b\u0107 zatrzyma\u0144, otrzymujemy bardzo du\u017c\u0105 ilo\u015b\u0107 powt\u00f3rze\u0144.<\/p>\r\n\r\n\r\n\r\n<p>To ju\u017c chyba tyle je\u015bli chodzi o miejsce pracy kierowcy w nowym Mercedes Conecto. Podsumowuj\u0105c, w prezentowanej opcji, w pe\u0142ni zabudowanej kabinie kierowcy zapewnia wi\u0119cej ni\u017c dobre warunki do pracy. Ergonomiczny fotel, du\u017ca wydzielona powierzchnia, dobre spasowanie element\u00f3w, to klucz do zadowolenia kierowc\u00f3w. Zmiany technologiczne na przestrzeni czasu od wprowadzenia na rynek poprzedniej wersji wymusi\u0142y niejako pod\u0105\u017cenie za rozwojem. Efektem tego jest:<\/p>\r\n\r\n\r\n\r\n<ul>\r\n<li>modernizacja inteligentnego pulpitu kierowcy,<\/li>\r\n<li>nowy komputer pok\u0142adowy,<\/li>\r\n<li>nowe wielofunkcyjne ko\u0142o kierownicy,<\/li>\r\n<li>wprowadzenie system\u00f3w bezpiecze\u0144stwa o kt\u00f3rych w kolejnym akapicie.<\/li>\r\n<\/ul>\r\n\r\n\r\n\r\n<p><strong>Je\u015bli ju\u017c wspomnieli\u015bmy o systemach bezpiecze\u0144stwa w testowanym modelu autobusu, to nie mo\u017cemy nie wspomnie\u0107 o pewnych nowo\u015bciach kt\u00f3re po raz pierwszy pojawi\u0142y si\u0119 w modelu Mercedes Conecto.<\/strong><\/p>\r\n\r\n\r\n\r\n<ul>\r\n<li>Modu\u0142 radaru odleg\u0142o\u015bci-owego oraz powi\u0105zanym z tym system awaryjnego hamowania,<\/li>\r\n<\/ul>\r\n\r\n\r\n\r\n<figure class=\"wp-block-image size-large\"><img loading=\"lazy\" decoding=\"async\" class=\"alignnone wp-image-311\" src=\"http:\/\/stmbus.pl\/wp-content\/uploads\/2020\/04\/35-1024x685.jpg\" alt=\"Modu\u0142 radaru odleg\u0142o\u015bciowego\" width=\"1024\" height=\"685\" srcset=\"http:\/\/stmbus.pl\/wp-content\/uploads\/2020\/04\/35-1024x685.jpg 1024w, http:\/\/stmbus.pl\/wp-content\/uploads\/2020\/04\/35-300x201.jpg 300w, http:\/\/stmbus.pl\/wp-content\/uploads\/2020\/04\/35-768x514.jpg 768w, http:\/\/stmbus.pl\/wp-content\/uploads\/2020\/04\/35-1536x1028.jpg 1536w, http:\/\/stmbus.pl\/wp-content\/uploads\/2020\/04\/35-2048x1371.jpg 2048w, http:\/\/stmbus.pl\/wp-content\/uploads\/2020\/04\/35-360x241.jpg 360w\" sizes=\"(max-width: 1024px) 100vw, 1024px\" \/>\r\n<figcaption><strong>Modu\u0142 radaru odleg\u0142o\u015bciowego<\/strong><\/figcaption>\r\n<\/figure>\r\n\r\n\r\n\r\n<p>Zlokalizowany jest za przedni\u0105 klap\u0105 na \u015bcianie czo\u0142owej, za logiem z gwiazd\u0105 producenta pojazdu. Nie jest to zupe\u0142na nowo\u015b\u0107 z pojazdach Mercedes\/Setra. Osoby kt\u00f3re mia\u0142y wcze\u015bniej styczno\u015b\u0107 chocia\u017cby z autobusami turystycznymi Tourismo, mog\u0142y przetestowa\u0107 dzia\u0142anie tego systemu. W rozszerzonej wersji wsp\u00f3\u0142pracuje on z modu\u0142em tempomatu, automatycznie dostosowuj\u0105c pr\u0119dko\u015b\u0107 w zale\u017cno\u015bci od warunk\u00f3w ruchu i ustawie\u0144 odleg\u0142o\u015bci. W skr\u00f3cie ma on s\u0142u\u017cy\u0107 w celu minimalizacji zagro\u017cenia najechania na przeszkod\u0119 pod postaci\u0105 cz\u0142owieka\/samochodu\/infrastruktury. Jak wiemy, ruch miejski cechuje bardzo du\u017ca ilo\u015b\u0107 bod\u017ac\u00f3w zewn\u0119trznych, du\u017ca kongestia, du\u017cy ruch pieszych, liczna infrastruktura miejska, zmienne warunki ruchu. W\u0142a\u015bnie ze wzgl\u0119du na te warunki system ten musi by\u0107 odpowiednie skonfigurowany by przy miejscach stoj\u0105cych w poje\u017adzie, nie generowa\u0107 zdarze\u0144 drogowych w wyniku b\u0142\u0119dnego odczytu sytuacji na drodze. Dlatego te\u017c projektanci Mercedesa dokonali optymalizacji tej funkcji pod k\u0105tem autobusu miejskiego. Zasadnicz\u0105 r\u00f3\u017cnic\u0105 jest ,i\u017c w por\u00f3wnaniu do autobusu turystycznego system ma ten na celu minimalizacj\u0119 szk\u00f3d w zwi\u0105zku ze zdarzeniem. W przypadku autobus\u00f3w turystycznych system ten dzia\u0142a du\u017co gwa\u0142towniej, d\u0105\u017c\u0105c do zatrzymania pojazdu przed przeszkod\u0105. Wynika to z faktu, i\u017c w autobusie miejskim dopuszczone s\u0105 miejsca stoj\u0105ce. System zainstalowany w testowanym modelu w 95% przypadk\u00f3w zachowuje si\u0119 prawid\u0142owo.<\/p>\r\n<p><strong>Pozosta\u0142e 5% to b\u0142\u0119dy wynikaj\u0105ce mi\u0119dzy innymi:<\/strong><\/p>\r\n\r\n\r\n\r\n<ul>\r\n<li>b\u0142\u0119dnego wykrywania przeszk\u00f3d sta\u0142ych na \u0142ukach drogi, b\u0142\u0105d ten wyst\u0119powa\u0142 tak\u017ce w modelu Tourismo nowej generacji, gdzie system podczas zjazdu z drogi szybkiego ruchu na w\u0119\u017ale, potrafi\u0142 wykry\u0107 barier\u0119 energoch\u0142onn\u0105 w odleg\u0142o\u015bci niebezpiecznej &#8211; pomimo braku niebezpiecze\u0144stwa,<\/li>\r\n<li>wykrywania pieszych na przej\u015bciu dla pieszych, w czasie zej\u015bcia z jezdni na chodnik w sytuacji gdy autobus doje\u017cd\u017ca do zebry ze zmniejszon\u0105 pr\u0119dko\u015bci\u0105.<\/li>\r\n<\/ul>\r\n\r\n\r\n\r\n<p>Poza opisanymi przypadkami funkcja ta dzia\u0142a prawid\u0142owo i nie powoduje nieoczekiwanych hamowa\u0144, poprawnie liczy odleg\u0142o\u015bci od pojazd\u00f3w w ruchu jak i tych stoj\u0105cych podczas zbli\u017cania si\u0119. Jest to funkcja kt\u00f3ra na pewno ograniczy ilo\u015b\u0107 zdarze\u0144 wynikaj\u0105cych z najechania na przeszkod\u0119. Wymusza ona tak\u017ce dostosowanie stylu jazdy kierowcy, co ma znacz\u0105cy wp\u0142yw na odczuwaln\u0105 przez pasa\u017cer\u00f3w p\u0142ynno\u015b\u0107, pi\u0119tnuje on agresywny i szarpany styl jazdy.<\/p>\r\n\r\n\r\n\r\n<ul>\r\n<li>Czujnik martwego pola prawej strony pojazdu,<\/li>\r\n<\/ul>\r\n\r\n\r\n\r\n<figure class=\"wp-block-image size-large\"><img loading=\"lazy\" decoding=\"async\" class=\"alignnone wp-image-313\" src=\"http:\/\/stmbus.pl\/wp-content\/uploads\/2020\/04\/3-1024x685.jpg\" alt=\"Modu\u0142 czujnika martwego pola prawej strony\" width=\"1024\" height=\"685\" srcset=\"http:\/\/stmbus.pl\/wp-content\/uploads\/2020\/04\/3-1024x685.jpg 1024w, http:\/\/stmbus.pl\/wp-content\/uploads\/2020\/04\/3-300x201.jpg 300w, http:\/\/stmbus.pl\/wp-content\/uploads\/2020\/04\/3-768x514.jpg 768w, http:\/\/stmbus.pl\/wp-content\/uploads\/2020\/04\/3-1536x1028.jpg 1536w, http:\/\/stmbus.pl\/wp-content\/uploads\/2020\/04\/3-2048x1371.jpg 2048w, http:\/\/stmbus.pl\/wp-content\/uploads\/2020\/04\/3-360x241.jpg 360w\" sizes=\"(max-width: 1024px) 100vw, 1024px\" \/>\r\n<figcaption><strong>Modu\u0142 czujnika martwego pola prawej strony<\/strong><\/figcaption>\r\n<\/figure>\r\n\r\n\r\n\r\n<p>To kolejna nowo\u015b\u0107 nie tylko w rodzinie Mercedes Conecto, lecz tak\u017ce w produktach miejskich Mercedesa. Jest to funkcja kt\u00f3ra ju\u017c na wst\u0119pie powinna zosta\u0107 zaadaptowana na sta\u0142e do wszystkich pojazd\u00f3w gabarytowych. Problem braku widoczno\u015bci pojazdu znajduj\u0105cego si\u0119 z prawej strony w tzw. martwym polu, podczas zmiany pasa ruchu w prawym lusterku, jest znany od wielu lat wszystkim kierowcom. Problem im wi\u0119kszy, im z wi\u0119kszym pojazdem mamy do czynienia.<\/p>\r\n\r\n\r\n\r\n<figure class=\"wp-block-image size-large\"><img loading=\"lazy\" decoding=\"async\" class=\"alignnone wp-image-314\" src=\"http:\/\/stmbus.pl\/wp-content\/uploads\/2020\/04\/33-685x1024.jpg\" alt=\"Sygnalizator martwego pola\" width=\"685\" height=\"1024\" srcset=\"http:\/\/stmbus.pl\/wp-content\/uploads\/2020\/04\/33-685x1024.jpg 685w, http:\/\/stmbus.pl\/wp-content\/uploads\/2020\/04\/33-201x300.jpg 201w, http:\/\/stmbus.pl\/wp-content\/uploads\/2020\/04\/33-768x1147.jpg 768w, http:\/\/stmbus.pl\/wp-content\/uploads\/2020\/04\/33-1028x1536.jpg 1028w, http:\/\/stmbus.pl\/wp-content\/uploads\/2020\/04\/33-1371x2048.jpg 1371w, http:\/\/stmbus.pl\/wp-content\/uploads\/2020\/04\/33-301x450.jpg 301w, http:\/\/stmbus.pl\/wp-content\/uploads\/2020\/04\/33-scaled.jpg 1714w\" sizes=\"(max-width: 685px) 100vw, 685px\" \/>\r\n<figcaption><strong>Sygnalizator martwego pola<\/strong><\/figcaption>\r\n<\/figure>\r\n\r\n\r\n\r\n<p>Sygnalizator obecno\u015bci osoby lub przedmiotu w martwym polu znajduje si\u0119 na prawym wewn\u0119trznym s\u0142upku. Lampka ostrzegawcza poprzez \u015bwiecenie informuje o zaj\u0119to\u015bci prawej strony. Mo\u017ce ona tak\u017ce miga\u0107, wtedy system dzia\u0142a w trybie pilnej ostrzegawczej, reaguj\u0105c na poczynania kierowcy, kt\u00f3ry mimo sygnalizacji dalej kontynuuje manewr. Sygnalizator b\u0142yskowy to nie jedyna forma ostrzegania, system tak\u017ce jest po\u0142\u0105czony z funkcj\u0105 wibracji siedziska fotela kierowcy. Funkcja tak jak ju\u017c na pocz\u0105tku nadmienili\u015bmy powinna by\u0107 opcj\u0105 standardow\u0105 przy konfiguracji pojazdu, poniewa\u017c w \u015bwiecie wzrostu ruchu ko\u0142owego i pieszego cena bezpiecze\u0144stwa nie ma ceny, zw\u0142aszcza gdy eliminuje ona tak wa\u017cny i powszechnie wyst\u0119puj\u0105cy problem.<\/p>\r\n\r\n\r\n\r\n<p>Tak jak w przypadku systemu awaryjnego hamowania, tutaj tak\u017ce powodem problem\u00f3w w funkcjonowania tego systemu s\u0105 miejskie warunki pracy. Wymaga on na pewno dopracowania. Niestety system reaguje tak\u017ce na pieszych znajduj\u0105cych si\u0119 na chodniku. B\u0142\u0105d ten jest odczuwalny przy wje\u017adzie oraz wyje\u017adzie z zatoki przystankowej, gdzie system nie rozr\u00f3\u017cnia ludzi od samochod\u00f3w, lecz wykrywa zmian\u0119 toru jazdy. Tak wi\u0119c zdarza si\u0119 cz\u0119sto, i\u017c siedzenie kierowcy b\u0119dzie wibrowa\u0107 informuj\u0105c o sytuacji powa\u017cnej.<\/p>\r\n\r\n\r\n\r\n<p><strong>To ju\u017c chyba wszystko je\u015bli chodzi o nasz test. Lecz zapomnieliby\u015bmy o najwa\u017cniejszym. Jako ,\u017ce jest to nadal pojazd, niezmiernie wa\u017cne s\u0105 odczucia z jazdy nowym Mercedes Conecto.<\/strong><\/p>\r\n<p>\r\n\r\n<\/p>\r\n<p>Niekwestionowanie najwi\u0119ksz\u0105 zmian\u0105 w nowym Mercedes Conecto, w uk\u0142adzie jezdnym jest zastosowanie niezale\u017cnego zawieszenia osi przedniej. W nowym modelu jest to pozycja standardowa, a wr\u0119cz nie ma opcji wybrania przy konfiguracji zawieszenia zale\u017cnego.<\/p>\r\n\r\n\r\n\r\n<p>Dzi\u0119ki zastosowaniu zawieszenia niezale\u017cnego komfort podr\u00f3\u017cy, spos\u00f3b amortyzacji nier\u00f3wno\u015bci, pewno\u015b\u0107 prowadzenia jest niepor\u00f3wnywalny do poprzedniego modelu. Kosztem zastosowania w budowie zawieszenia bardziej kosztownym w serwisie uk\u0142ad\u00f3w wahaczy, dr\u0105\u017ck\u00f3w oraz stabilizator\u00f3w, zar\u00f3wno pasa\u017cerowie jak i kierowca, na niestety nadal mocno nier\u00f3wnych Polskich drogach, s\u0142ysz\u0105 jedynie g\u0142uchy odg\u0142os ci\u0119\u017ckiej pracy zawieszenia.<\/p>\r\n\r\n\r\n\r\n<p>W my\u015bl za\u0142o\u017cenia budowy zawieszenia niezale\u017cnego, ka\u017cde z k\u00f3\u0142 amortyzuje nier\u00f3wno\u015bci osobno, przez co ilo\u015b\u0107 wibracji przenoszonych na kratownice i dalsze elementy jest znacz\u0105co mniejszy.<\/p>\r\n\r\n\r\n\r\n<p>Opr\u00f3cz komfortu jazdy, jako\u015bci t\u0142umienia nier\u00f3wno\u015bci, zawieszenie to zapewnia r\u00f3wnie\u017c wi\u0119ksz\u0105 pewno\u015b\u0107 w prowadzeniu nowego\u00a0 Mercedes Conecto. O\u015b skr\u0119tna bardzo bezpo\u015brednio i dok\u0142adnie reaguje na polecenia kierowcy, utrzymuj\u0105c zadany tor jazdy, nie powoduj\u0105c nadmiernych wychy\u0142\u00f3w.<\/p>\r\n\r\n\r\n\r\n<p>Zmiana rodzaju zawieszenia wprowadzi\u0142a Mercedes Conecto na zupe\u0142nie inny poziom, kt\u00f3ry do tej pory w rodzinie Mercedesa by\u0142 zarezerwowany dla rodziny Citaro.<\/p>\r\n\r\n\r\n\r\n<p>To ju\u017c na prawd\u0119 wszystko. Je\u015bli dotrwali\u015bcie do ko\u0144ca, to gratulujemy i mamy nadzieje nie zawiedli\u015bcie si\u0119. Starali\u015bmy si\u0119 jak najszerzej pokaza\u0107 nie tylko suche fakty, lecz praktyczn\u0105 stron\u0119 testowanego pojazdu i zmian kt\u00f3re nast\u0105pi\u0142y.<\/p>\r\n<p>\r\n\r\n<\/p>\r\n<p>Po godzinach sp\u0119dzonych za kierownic\u0105 Nowego Mercedes a Conecto, musimy stwierdzi\u0107, z ca\u0142\u0105 stanowczo\u015bci\u0105, i\u017c zas\u0142u\u017cy\u0142 on na ten tytu\u0142. Prezentowany model przeszed\u0142 du\u017c\u0105 zmian\u0119 i idealnie wpisuje si\u0119 w kreowan\u0105 przez Mercedesa strategi\u0119 dw\u00f3ch nurt\u00f3w autobus\u00f3w miejskich, bazuj\u0105cych na du\u017cej grupie wsp\u00f3lnych rozwi\u0105za\u0144 i cz\u0119\u015bci.<\/p>\r\n\r\n\r\n\r\n<figure class=\"wp-block-gallery columns-1 is-cropped wp-block-gallery-4 is-layout-flex wp-block-gallery-is-layout-flex\">\r\n<figure><img loading=\"lazy\" decoding=\"async\" width=\"1024\" height=\"518\" class=\"wp-image-318\" src=\"http:\/\/stmbus.pl\/wp-content\/uploads\/2020\/05\/54-1024x518.jpg\" alt=\"\" data-id=\"318\" data-full-url=\"http:\/\/stmbus.pl\/wp-content\/uploads\/2020\/05\/54-scaled.jpg\" data-link=\"http:\/\/stmbus.pl\/?attachment_id=318\" srcset=\"http:\/\/stmbus.pl\/wp-content\/uploads\/2020\/05\/54-1024x518.jpg 1024w, http:\/\/stmbus.pl\/wp-content\/uploads\/2020\/05\/54-300x152.jpg 300w, http:\/\/stmbus.pl\/wp-content\/uploads\/2020\/05\/54-768x389.jpg 768w, http:\/\/stmbus.pl\/wp-content\/uploads\/2020\/05\/54-1536x778.jpg 1536w, http:\/\/stmbus.pl\/wp-content\/uploads\/2020\/05\/54-2048x1037.jpg 2048w, http:\/\/stmbus.pl\/wp-content\/uploads\/2020\/05\/54-360x182.jpg 360w\" sizes=\"(max-width: 1024px) 100vw, 1024px\" \/><\/figure>\r\n<figure><img loading=\"lazy\" decoding=\"async\" width=\"1024\" height=\"543\" class=\"wp-image-319\" src=\"http:\/\/stmbus.pl\/wp-content\/uploads\/2020\/05\/55-1024x543.jpg\" alt=\"\" data-id=\"319\" data-full-url=\"http:\/\/stmbus.pl\/wp-content\/uploads\/2020\/05\/55-scaled.jpg\" data-link=\"http:\/\/stmbus.pl\/?attachment_id=319\" srcset=\"http:\/\/stmbus.pl\/wp-content\/uploads\/2020\/05\/55-1024x543.jpg 1024w, http:\/\/stmbus.pl\/wp-content\/uploads\/2020\/05\/55-300x159.jpg 300w, http:\/\/stmbus.pl\/wp-content\/uploads\/2020\/05\/55-768x407.jpg 768w, http:\/\/stmbus.pl\/wp-content\/uploads\/2020\/05\/55-1536x814.jpg 1536w, http:\/\/stmbus.pl\/wp-content\/uploads\/2020\/05\/55-2048x1086.jpg 2048w, http:\/\/stmbus.pl\/wp-content\/uploads\/2020\/05\/55-360x191.jpg 360w\" sizes=\"(max-width: 1024px) 100vw, 1024px\" \/><\/figure>\r\n<figure><img loading=\"lazy\" decoding=\"async\" width=\"1024\" height=\"580\" class=\"wp-image-320\" src=\"http:\/\/stmbus.pl\/wp-content\/uploads\/2020\/05\/56-1024x580.jpg\" alt=\"\" data-id=\"320\" data-full-url=\"http:\/\/stmbus.pl\/wp-content\/uploads\/2020\/05\/56-scaled.jpg\" data-link=\"http:\/\/stmbus.pl\/?attachment_id=320\" srcset=\"http:\/\/stmbus.pl\/wp-content\/uploads\/2020\/05\/56-1024x580.jpg 1024w, http:\/\/stmbus.pl\/wp-content\/uploads\/2020\/05\/56-300x170.jpg 300w, http:\/\/stmbus.pl\/wp-content\/uploads\/2020\/05\/56-768x435.jpg 768w, http:\/\/stmbus.pl\/wp-content\/uploads\/2020\/05\/56-1536x870.jpg 1536w, http:\/\/stmbus.pl\/wp-content\/uploads\/2020\/05\/56-2048x1160.jpg 2048w, http:\/\/stmbus.pl\/wp-content\/uploads\/2020\/05\/56-360x204.jpg 360w\" sizes=\"(max-width: 1024px) 100vw, 1024px\" \/><\/figure>\r\n<\/figure>\r\n","protected":false},"excerpt":{"rendered":"<p>Witajcie serdecznie. Czy widzieli\u015bcie ju\u017c na drogach swoich miast now\u0105 generacj\u0119 Mercedes Conecto? A kt\u00f3ry to nowy? Je\u015bli chcecie dowiedzie\u0107 si\u0119 kt\u00f3ry to ten nowy, czy czym\u015b si\u0119 r\u00f3\u017cni to zapraszamy do lektury. Zapraszamy was dzi\u015b na now\u0105 seri\u0119 artyku\u0142\u00f3w na naszym portalu. Czas dla bran\u017cy transportowej nie jest najlepszy, lecz nale\u017cy pami\u0119ta\u0107, \u017ce po [&hellip;]<\/p>\n","protected":false},"author":1,"featured_media":256,"comment_status":"open","ping_status":"open","sticky":false,"template":"","format":"standard","meta":{"footnotes":""},"categories":[3,70],"tags":[72,10,75,74,73,7],"yoast_head":"<!-- This site is optimized with the Yoast SEO plugin v19.4 - https:\/\/yoast.com\/wordpress\/plugins\/seo\/ -->\n<title>Mercedes Conecto New Generation - test autobusu - STM Safety Technology Management<\/title>\n<meta name=\"description\" content=\"Pierwszy dost\u0119pny test autobusu miejskiego Mercedes Conecto New Generation. Dla pasjonat\u00f3w, kierowc\u00f3w, serwis i zarz\u0105dzaj\u0105cych. Kliknij i przeczytaj.\" \/>\n<meta name=\"robots\" content=\"index, follow, max-snippet:-1, max-image-preview:large, max-video-preview:-1\" \/>\n<link rel=\"canonical\" href=\"http:\/\/stmbus.pl\/index.php\/2020\/04\/21\/mercedes-benz-new-conecto-czy-na-pewno-nowy\/\" \/>\n<meta property=\"og:locale\" content=\"pl_PL\" \/>\n<meta property=\"og:type\" content=\"article\" \/>\n<meta property=\"og:title\" content=\"Mercedes Conecto New Generation - test autobusu - STM Safety Technology Management\" \/>\n<meta property=\"og:description\" content=\"Pierwszy dost\u0119pny test autobusu miejskiego Mercedes Conecto New Generation. Dla pasjonat\u00f3w, kierowc\u00f3w, serwis i zarz\u0105dzaj\u0105cych. Kliknij i przeczytaj.\" \/>\n<meta property=\"og:url\" content=\"http:\/\/stmbus.pl\/index.php\/2020\/04\/21\/mercedes-benz-new-conecto-czy-na-pewno-nowy\/\" \/>\n<meta property=\"og:site_name\" content=\"STM Safety Technology Management\" \/>\n<meta property=\"article:published_time\" content=\"2020-04-21T10:59:00+00:00\" \/>\n<meta property=\"article:modified_time\" content=\"2020-09-17T16:13:14+00:00\" \/>\n<meta property=\"og:image\" content=\"http:\/\/stmbus.pl\/wp-content\/uploads\/2020\/04\/christian-wiediger-Y-ds73Ty8HU-unsplash.jpg\" \/>\n\t<meta property=\"og:image:width\" content=\"2400\" \/>\n\t<meta property=\"og:image:height\" content=\"1600\" \/>\n\t<meta property=\"og:image:type\" content=\"image\/jpeg\" \/>\n<meta name=\"author\" content=\"Szymon\" \/>\n<meta name=\"twitter:card\" content=\"summary_large_image\" \/>\n<meta name=\"twitter:label1\" content=\"Napisane przez\" \/>\n\t<meta name=\"twitter:data1\" content=\"Szymon\" \/>\n\t<meta name=\"twitter:label2\" content=\"Szacowany czas czytania\" \/>\n\t<meta name=\"twitter:data2\" content=\"35 minut\" \/>\n<script type=\"application\/ld+json\" class=\"yoast-schema-graph\">{\"@context\":\"https:\/\/schema.org\",\"@graph\":[{\"@type\":\"WebSite\",\"@id\":\"http:\/\/stmbus.pl\/#website\",\"url\":\"http:\/\/stmbus.pl\/\",\"name\":\"stmbus.pl Safety Technology Management\",\"description\":\"Bezpiecze\u0144stwo, technologia i zarz\u0105dzanie w transporcie.\",\"publisher\":{\"@id\":\"http:\/\/stmbus.pl\/#\/schema\/person\/d062552000a2c91240a7c7acac90f338\"},\"potentialAction\":[{\"@type\":\"SearchAction\",\"target\":{\"@type\":\"EntryPoint\",\"urlTemplate\":\"http:\/\/stmbus.pl\/?s={search_term_string}\"},\"query-input\":\"required name=search_term_string\"}],\"inLanguage\":\"pl-PL\"},{\"@type\":\"WebPage\",\"@id\":\"http:\/\/stmbus.pl\/index.php\/2020\/04\/21\/mercedes-benz-new-conecto-czy-na-pewno-nowy\/\",\"url\":\"http:\/\/stmbus.pl\/index.php\/2020\/04\/21\/mercedes-benz-new-conecto-czy-na-pewno-nowy\/\",\"name\":\"Mercedes Conecto New Generation - test autobusu - STM Safety Technology Management\",\"isPartOf\":{\"@id\":\"http:\/\/stmbus.pl\/#website\"},\"datePublished\":\"2020-04-21T10:59:00+00:00\",\"dateModified\":\"2020-09-17T16:13:14+00:00\",\"description\":\"Pierwszy dost\u0119pny test autobusu miejskiego Mercedes Conecto New Generation. Dla pasjonat\u00f3w, kierowc\u00f3w, serwis i zarz\u0105dzaj\u0105cych. Kliknij i przeczytaj.\",\"breadcrumb\":{\"@id\":\"http:\/\/stmbus.pl\/index.php\/2020\/04\/21\/mercedes-benz-new-conecto-czy-na-pewno-nowy\/#breadcrumb\"},\"inLanguage\":\"pl-PL\",\"potentialAction\":[{\"@type\":\"ReadAction\",\"target\":[\"http:\/\/stmbus.pl\/index.php\/2020\/04\/21\/mercedes-benz-new-conecto-czy-na-pewno-nowy\/\"]}]},{\"@type\":\"BreadcrumbList\",\"@id\":\"http:\/\/stmbus.pl\/index.php\/2020\/04\/21\/mercedes-benz-new-conecto-czy-na-pewno-nowy\/#breadcrumb\",\"itemListElement\":[{\"@type\":\"ListItem\",\"position\":1,\"name\":\"Strona g\u0142\u00f3wna\",\"item\":\"http:\/\/stmbus.pl\/\"},{\"@type\":\"ListItem\",\"position\":2,\"name\":\"Test Mercedes Benz New Conecto &#8211; czy na pewno nowy?\"}]},{\"@type\":\"Article\",\"@id\":\"http:\/\/stmbus.pl\/index.php\/2020\/04\/21\/mercedes-benz-new-conecto-czy-na-pewno-nowy\/#article\",\"isPartOf\":{\"@id\":\"http:\/\/stmbus.pl\/index.php\/2020\/04\/21\/mercedes-benz-new-conecto-czy-na-pewno-nowy\/\"},\"author\":{\"name\":\"Szymon\",\"@id\":\"http:\/\/stmbus.pl\/#\/schema\/person\/d062552000a2c91240a7c7acac90f338\"},\"headline\":\"Test Mercedes Benz New Conecto &#8211; czy na pewno nowy?\",\"datePublished\":\"2020-04-21T10:59:00+00:00\",\"dateModified\":\"2020-09-17T16:13:14+00:00\",\"mainEntityOfPage\":{\"@id\":\"http:\/\/stmbus.pl\/index.php\/2020\/04\/21\/mercedes-benz-new-conecto-czy-na-pewno-nowy\/\"},\"wordCount\":6977,\"commentCount\":0,\"publisher\":{\"@id\":\"http:\/\/stmbus.pl\/#\/schema\/person\/d062552000a2c91240a7c7acac90f338\"},\"keywords\":[\"conecto\",\"Mercedes\",\"New_Conecto\",\"OM470\",\"test\",\"Voith\"],\"articleSection\":[\"Technologia\",\"Testy pojazd\u00f3w\"],\"inLanguage\":\"pl-PL\",\"potentialAction\":[{\"@type\":\"CommentAction\",\"name\":\"Comment\",\"target\":[\"http:\/\/stmbus.pl\/index.php\/2020\/04\/21\/mercedes-benz-new-conecto-czy-na-pewno-nowy\/#respond\"]}]},{\"@type\":[\"Person\",\"Organization\"],\"@id\":\"http:\/\/stmbus.pl\/#\/schema\/person\/d062552000a2c91240a7c7acac90f338\",\"name\":\"Szymon\",\"image\":{\"@type\":\"ImageObject\",\"inLanguage\":\"pl-PL\",\"@id\":\"http:\/\/stmbus.pl\/#\/schema\/person\/image\/\",\"url\":\"http:\/\/1.gravatar.com\/avatar\/a504aff765b125c34a2de6ddaa56746d?s=96&d=mm&r=g\",\"contentUrl\":\"http:\/\/1.gravatar.com\/avatar\/a504aff765b125c34a2de6ddaa56746d?s=96&d=mm&r=g\",\"caption\":\"Szymon\"},\"logo\":{\"@id\":\"http:\/\/stmbus.pl\/#\/schema\/person\/image\/\"}}]}<\/script>\n<!-- \/ Yoast SEO plugin. -->","yoast_head_json":{"title":"Mercedes Conecto New Generation - test autobusu - STM Safety Technology Management","description":"Pierwszy dost\u0119pny test autobusu miejskiego Mercedes Conecto New Generation. Dla pasjonat\u00f3w, kierowc\u00f3w, serwis i zarz\u0105dzaj\u0105cych. Kliknij i przeczytaj.","robots":{"index":"index","follow":"follow","max-snippet":"max-snippet:-1","max-image-preview":"max-image-preview:large","max-video-preview":"max-video-preview:-1"},"canonical":"http:\/\/stmbus.pl\/index.php\/2020\/04\/21\/mercedes-benz-new-conecto-czy-na-pewno-nowy\/","og_locale":"pl_PL","og_type":"article","og_title":"Mercedes Conecto New Generation - test autobusu - STM Safety Technology Management","og_description":"Pierwszy dost\u0119pny test autobusu miejskiego Mercedes Conecto New Generation. Dla pasjonat\u00f3w, kierowc\u00f3w, serwis i zarz\u0105dzaj\u0105cych. Kliknij i przeczytaj.","og_url":"http:\/\/stmbus.pl\/index.php\/2020\/04\/21\/mercedes-benz-new-conecto-czy-na-pewno-nowy\/","og_site_name":"STM Safety Technology Management","article_published_time":"2020-04-21T10:59:00+00:00","article_modified_time":"2020-09-17T16:13:14+00:00","og_image":[{"width":2400,"height":1600,"url":"http:\/\/stmbus.pl\/wp-content\/uploads\/2020\/04\/christian-wiediger-Y-ds73Ty8HU-unsplash.jpg","type":"image\/jpeg"}],"author":"Szymon","twitter_card":"summary_large_image","twitter_misc":{"Napisane przez":"Szymon","Szacowany czas czytania":"35 minut"},"schema":{"@context":"https:\/\/schema.org","@graph":[{"@type":"WebSite","@id":"http:\/\/stmbus.pl\/#website","url":"http:\/\/stmbus.pl\/","name":"stmbus.pl Safety Technology Management","description":"Bezpiecze\u0144stwo, technologia i zarz\u0105dzanie w transporcie.","publisher":{"@id":"http:\/\/stmbus.pl\/#\/schema\/person\/d062552000a2c91240a7c7acac90f338"},"potentialAction":[{"@type":"SearchAction","target":{"@type":"EntryPoint","urlTemplate":"http:\/\/stmbus.pl\/?s={search_term_string}"},"query-input":"required name=search_term_string"}],"inLanguage":"pl-PL"},{"@type":"WebPage","@id":"http:\/\/stmbus.pl\/index.php\/2020\/04\/21\/mercedes-benz-new-conecto-czy-na-pewno-nowy\/","url":"http:\/\/stmbus.pl\/index.php\/2020\/04\/21\/mercedes-benz-new-conecto-czy-na-pewno-nowy\/","name":"Mercedes Conecto New Generation - test autobusu - STM Safety Technology Management","isPartOf":{"@id":"http:\/\/stmbus.pl\/#website"},"datePublished":"2020-04-21T10:59:00+00:00","dateModified":"2020-09-17T16:13:14+00:00","description":"Pierwszy dost\u0119pny test autobusu miejskiego Mercedes Conecto New Generation. Dla pasjonat\u00f3w, kierowc\u00f3w, serwis i zarz\u0105dzaj\u0105cych. Kliknij i przeczytaj.","breadcrumb":{"@id":"http:\/\/stmbus.pl\/index.php\/2020\/04\/21\/mercedes-benz-new-conecto-czy-na-pewno-nowy\/#breadcrumb"},"inLanguage":"pl-PL","potentialAction":[{"@type":"ReadAction","target":["http:\/\/stmbus.pl\/index.php\/2020\/04\/21\/mercedes-benz-new-conecto-czy-na-pewno-nowy\/"]}]},{"@type":"BreadcrumbList","@id":"http:\/\/stmbus.pl\/index.php\/2020\/04\/21\/mercedes-benz-new-conecto-czy-na-pewno-nowy\/#breadcrumb","itemListElement":[{"@type":"ListItem","position":1,"name":"Strona g\u0142\u00f3wna","item":"http:\/\/stmbus.pl\/"},{"@type":"ListItem","position":2,"name":"Test Mercedes Benz New Conecto &#8211; czy na pewno nowy?"}]},{"@type":"Article","@id":"http:\/\/stmbus.pl\/index.php\/2020\/04\/21\/mercedes-benz-new-conecto-czy-na-pewno-nowy\/#article","isPartOf":{"@id":"http:\/\/stmbus.pl\/index.php\/2020\/04\/21\/mercedes-benz-new-conecto-czy-na-pewno-nowy\/"},"author":{"name":"Szymon","@id":"http:\/\/stmbus.pl\/#\/schema\/person\/d062552000a2c91240a7c7acac90f338"},"headline":"Test Mercedes Benz New Conecto &#8211; czy na pewno nowy?","datePublished":"2020-04-21T10:59:00+00:00","dateModified":"2020-09-17T16:13:14+00:00","mainEntityOfPage":{"@id":"http:\/\/stmbus.pl\/index.php\/2020\/04\/21\/mercedes-benz-new-conecto-czy-na-pewno-nowy\/"},"wordCount":6977,"commentCount":0,"publisher":{"@id":"http:\/\/stmbus.pl\/#\/schema\/person\/d062552000a2c91240a7c7acac90f338"},"keywords":["conecto","Mercedes","New_Conecto","OM470","test","Voith"],"articleSection":["Technologia","Testy pojazd\u00f3w"],"inLanguage":"pl-PL","potentialAction":[{"@type":"CommentAction","name":"Comment","target":["http:\/\/stmbus.pl\/index.php\/2020\/04\/21\/mercedes-benz-new-conecto-czy-na-pewno-nowy\/#respond"]}]},{"@type":["Person","Organization"],"@id":"http:\/\/stmbus.pl\/#\/schema\/person\/d062552000a2c91240a7c7acac90f338","name":"Szymon","image":{"@type":"ImageObject","inLanguage":"pl-PL","@id":"http:\/\/stmbus.pl\/#\/schema\/person\/image\/","url":"http:\/\/1.gravatar.com\/avatar\/a504aff765b125c34a2de6ddaa56746d?s=96&d=mm&r=g","contentUrl":"http:\/\/1.gravatar.com\/avatar\/a504aff765b125c34a2de6ddaa56746d?s=96&d=mm&r=g","caption":"Szymon"},"logo":{"@id":"http:\/\/stmbus.pl\/#\/schema\/person\/image\/"}}]}},"_links":{"self":[{"href":"http:\/\/stmbus.pl\/index.php\/wp-json\/wp\/v2\/posts\/243"}],"collection":[{"href":"http:\/\/stmbus.pl\/index.php\/wp-json\/wp\/v2\/posts"}],"about":[{"href":"http:\/\/stmbus.pl\/index.php\/wp-json\/wp\/v2\/types\/post"}],"author":[{"embeddable":true,"href":"http:\/\/stmbus.pl\/index.php\/wp-json\/wp\/v2\/users\/1"}],"replies":[{"embeddable":true,"href":"http:\/\/stmbus.pl\/index.php\/wp-json\/wp\/v2\/comments?post=243"}],"version-history":[{"count":26,"href":"http:\/\/stmbus.pl\/index.php\/wp-json\/wp\/v2\/posts\/243\/revisions"}],"predecessor-version":[{"id":459,"href":"http:\/\/stmbus.pl\/index.php\/wp-json\/wp\/v2\/posts\/243\/revisions\/459"}],"wp:featuredmedia":[{"embeddable":true,"href":"http:\/\/stmbus.pl\/index.php\/wp-json\/wp\/v2\/media\/256"}],"wp:attachment":[{"href":"http:\/\/stmbus.pl\/index.php\/wp-json\/wp\/v2\/media?parent=243"}],"wp:term":[{"taxonomy":"category","embeddable":true,"href":"http:\/\/stmbus.pl\/index.php\/wp-json\/wp\/v2\/categories?post=243"},{"taxonomy":"post_tag","embeddable":true,"href":"http:\/\/stmbus.pl\/index.php\/wp-json\/wp\/v2\/tags?post=243"}],"curies":[{"name":"wp","href":"https:\/\/api.w.org\/{rel}","templated":true}]}}